
{"id":446,"date":"2010-07-27T19:38:11","date_gmt":"2010-07-27T22:38:11","guid":{"rendered":"http:\/\/sudoestehoje.tempsite.ws\/novoportal\/?p=446"},"modified":"2010-09-18T15:45:42","modified_gmt":"2010-09-18T18:45:42","slug":"menina-eletrocutada-ja-esta-internada-no-hospital-da-sagrada-familia-em-salvador","status":"publish","type":"post","link":"https:\/\/www.sudoestehoje.com.br\/novoportal\/2010\/07\/27\/menina-eletrocutada-ja-esta-internada-no-hospital-da-sagrada-familia-em-salvador\/","title":{"rendered":"MENINA ELETROCUTADA J\u00c1 EST\u00c1 INTERNADA NO HOSPITAL DA SAGRADA FAMILIA EM SALVADOR"},"content":{"rendered":"<div>\n<div style=\"text-align: center;\"><img decoding=\"async\" src=\"http:\/\/3.bp.blogspot.com\/_vBEVDLY91Ww\/TE0Qb6TAspI\/AAAAAAAADRg\/LVnGZWPltQE\/s1600\/101_1274.JPG\" border=\"0\" alt=\"\" \/><\/div>\n<div>Roseane foi removida para Salvador, acompanhada pelo padastro (camisa listras brancas)<\/div>\n<p>A  menina Roseane Santos Queiroz, de 11 anos, que teve a perna amputada na  tarde deste s\u00e1bado (24) ap\u00f3s ter sido atingida por um fio de alta  tens\u00e3o, j\u00e1 est\u00e1 em Salvador. Ela deixou o Hospital Cristo Redentor, na  cidade de Itapetinga\u00a0no in\u00edcio da tarde desta ter\u00e7a (27) e chegou ao  Hospital da\u00a0Sagrada Fam\u00edlia, no Monte Serrat, por volta das 15h30.<\/p>\n<p>Acompanhada  pelo padastro Daniel Ferreira Seles, Roseane foi transferida para  Salvador atrav\u00e9s de uma UTI a\u00e9rea disponibilizada pela Coelba. Uma  equipe especializada do Servi\u00e7o de Atendimento M\u00f3vel (SAMU) de Vit\u00f3ria  da Conquista foi \u00e0 Itapetinga e ajudou no transporte.<\/p>\n<p>Segundo  informa\u00e7\u00f5es da assessoria do Hospital da Sagrada Fam\u00edlia, o estado de  sa\u00fade da menina \u00e9 considerado est\u00e1vel. Roseane j\u00e1 foi examinada por um  especialista, que pediu uma s\u00e9rie de exames, e um parecer m\u00e9dico ser\u00e1  divulgado nesta quarta-feira (27). Ela ficar\u00e1 internada no setor de  queimados do hospital.<\/p>\n<p>Roseane  teve a perna amputada por volta das 13h do \u00faltimo s\u00e1bado (24) no bairro  Vila Izabel, em Itapetinga.\u00a0Ela tentava salvar os irm\u00e3os g\u00eameos de 1 ano  e sete meses, que brincavam no passeio, quando foi atingida por um fio  de alta tens\u00e3o. As crian\u00e7as acabaram tocadas pela fia\u00e7\u00e3o e morreram.  Elas foram enterradas neste domingo (25).<\/p>\n<p>O  caso est\u00e1 sendo investigado pela Pol\u00edcia Civil de Itapetinga, que ir\u00e1  avaliar se houve problema na rede el\u00e9trica. Os agentes aguardam o  resultado de um laudo t\u00e9cnico para verificar a causa do acidente.  Correio<\/p>\n<p>Foto: Itapetinga Agora (Tiago Bottino)<\/p>\n<\/div>\n","protected":false},"excerpt":{"rendered":"<p>Roseane foi removida para Salvador, acompanhada pelo padastro (camisa listras brancas) A menina Roseane Santos Queiroz, de 11 anos, que teve a perna amputada na tarde deste s\u00e1bado (24) ap\u00f3s ter sido atingida por um fio de alta tens\u00e3o, j\u00e1 est\u00e1 em Salvador. Ela deixou o Hospital Cristo Redentor, na cidade de Itapetinga\u00a0no in\u00edcio da [&hellip;]<\/p>\n","protected":false},"author":1,"featured_media":0,"comment_status":"open","ping_status":"open","sticky":false,"template":"","format":"standard","meta":{"footnotes":"","_links_to":"","_links_to_target":""},"categories":[1],"tags":[],"class_list":["post-446","post","type-post","status-publish","format-standard","hentry","category-geral"],"views":1305,"_links":{"self":[{"href":"https:\/\/www.sudoestehoje.com.br\/novoportal\/wp-json\/wp\/v2\/posts\/446","targetHints":{"allow":["GET"]}}],"collection":[{"href":"https:\/\/www.sudoestehoje.com.br\/novoportal\/wp-json\/wp\/v2\/posts"}],"about":[{"href":"https:\/\/www.sudoestehoje.com.br\/novoportal\/wp-json\/wp\/v2\/types\/post"}],"author":[{"embeddable":true,"href":"https:\/\/www.sudoestehoje.com.br\/novoportal\/wp-json\/wp\/v2\/users\/1"}],"replies":[{"embeddable":true,"href":"https:\/\/www.sudoestehoje.com.br\/novoportal\/wp-json\/wp\/v2\/comments?post=446"}],"version-history":[{"count":1,"href":"https:\/\/www.sudoestehoje.com.br\/novoportal\/wp-json\/wp\/v2\/posts\/446\/revisions"}],"predecessor-version":[{"id":447,"href":"https:\/\/www.sudoestehoje.com.br\/novoportal\/wp-json\/wp\/v2\/posts\/446\/revisions\/447"}],"wp:attachment":[{"href":"https:\/\/www.sudoestehoje.com.br\/novoportal\/wp-json\/wp\/v2\/media?parent=446"}],"wp:term":[{"taxonomy":"category","embeddable":true,"href":"https:\/\/www.sudoestehoje.com.br\/novoportal\/wp-json\/wp\/v2\/categories?post=446"},{"taxonomy":"post_tag","embeddable":true,"href":"https:\/\/www.sudoestehoje.com.br\/novoportal\/wp-json\/wp\/v2\/tags?post=446"}],"curies":[{"name":"wp","href":"https:\/\/api.w.org\/{rel}","templated":true}]}}