
{"id":44575,"date":"2014-11-18T13:25:53","date_gmt":"2014-11-18T16:25:53","guid":{"rendered":"http:\/\/www.sudoestehoje.com.br\/novoportal\/?p=44575"},"modified":"2014-11-18T13:25:53","modified_gmt":"2014-11-18T16:25:53","slug":"itapetinga-piscinao-do-jose-ivo-vai-ser-inaugurado-pelo-prefeito","status":"publish","type":"post","link":"https:\/\/www.sudoestehoje.com.br\/novoportal\/2014\/11\/18\/itapetinga-piscinao-do-jose-ivo-vai-ser-inaugurado-pelo-prefeito\/","title":{"rendered":"ITAPETINGA: PISCIN\u00c3O DO JOS\u00c9 IVO VAI SER INAUGURADO PELO PREFEITO"},"content":{"rendered":"<p><a href=\"http:\/\/www.sudoestehoje.com.br\/novoportal\/wp-content\/uploads\/2014\/11\/quadra.jpg\"><img loading=\"lazy\" decoding=\"async\" class=\"aligncenter size-medium wp-image-44576\" src=\"http:\/\/www.sudoestehoje.com.br\/novoportal\/wp-content\/uploads\/2014\/11\/quadra-500x300.jpg\" alt=\"quadra\" width=\"500\" height=\"300\" srcset=\"https:\/\/www.sudoestehoje.com.br\/novoportal\/wp-content\/uploads\/2014\/11\/quadra-500x300.jpg 500w, https:\/\/www.sudoestehoje.com.br\/novoportal\/wp-content\/uploads\/2014\/11\/quadra-700x420.jpg 700w, https:\/\/www.sudoestehoje.com.br\/novoportal\/wp-content\/uploads\/2014\/11\/quadra-150x90.jpg 150w, https:\/\/www.sudoestehoje.com.br\/novoportal\/wp-content\/uploads\/2014\/11\/quadra.jpg 960w\" sizes=\"auto, (max-width: 500px) 100vw, 500px\" \/><\/a><\/p>\n<p>Constru\u00eddo na correria para ser inaugurado em per\u00edodo eleitoral, o Residencial Jos\u00e9 Ivo, do programa &#8216;Minha Casa Minha Vida&#8217;, j\u00e1 vem apresentando problemas na infraestrutura.<\/p>\n<p>Um exemplo disto \u00e9 a quadra de esportes feita &#8216;a migu\u00e9&#8217; e sem drenagem, que j\u00e1 est\u00e1 toda alagada, em decorr\u00eancia das chuvas que caem na cidade.<\/p>\n<p>O Sudoeste Hoje foi l\u00e1 conferir e fotografou o verdadeiro &#8216;Piscin\u00e3o&#8217; que a quadra se transformou, na manh\u00e3 desta ter\u00e7a. Para variar, crian\u00e7as descal\u00e7as brincavam dentro da \u00e1gua barrenta e contaminada que invadiram a quadra.<\/p>\n<p>A turma da prefeitura j\u00e1 planeja a inaugura\u00e7\u00e3o do &#8216;Piscin\u00e3o do Z\u00e9&#8217;, com competi\u00e7\u00f5es de corrida na lama. De lama eles entendem&#8230;<\/p>\n<p><strong><em>Por Davi Ferraz<\/em><\/strong><\/p>\n<p>&nbsp;<\/p>\n","protected":false},"excerpt":{"rendered":"<p>Constru\u00eddo na correria para ser inaugurado em per\u00edodo eleitoral, o Residencial Jos\u00e9 Ivo, do programa &#8216;Minha Casa Minha Vida&#8217;, j\u00e1 vem apresentando problemas na infraestrutura. Um exemplo disto \u00e9 a quadra de esportes feita &#8216;a migu\u00e9&#8217; e sem drenagem, que j\u00e1 est\u00e1 toda alagada, em decorr\u00eancia das chuvas que caem na cidade. O Sudoeste Hoje [&hellip;]<\/p>\n","protected":false},"author":2,"featured_media":0,"comment_status":"open","ping_status":"open","sticky":false,"template":"","format":"standard","meta":{"footnotes":"","_links_to":"","_links_to_target":""},"categories":[1],"tags":[],"class_list":["post-44575","post","type-post","status-publish","format-standard","hentry","category-geral"],"views":2227,"_links":{"self":[{"href":"https:\/\/www.sudoestehoje.com.br\/novoportal\/wp-json\/wp\/v2\/posts\/44575","targetHints":{"allow":["GET"]}}],"collection":[{"href":"https:\/\/www.sudoestehoje.com.br\/novoportal\/wp-json\/wp\/v2\/posts"}],"about":[{"href":"https:\/\/www.sudoestehoje.com.br\/novoportal\/wp-json\/wp\/v2\/types\/post"}],"author":[{"embeddable":true,"href":"https:\/\/www.sudoestehoje.com.br\/novoportal\/wp-json\/wp\/v2\/users\/2"}],"replies":[{"embeddable":true,"href":"https:\/\/www.sudoestehoje.com.br\/novoportal\/wp-json\/wp\/v2\/comments?post=44575"}],"version-history":[{"count":1,"href":"https:\/\/www.sudoestehoje.com.br\/novoportal\/wp-json\/wp\/v2\/posts\/44575\/revisions"}],"predecessor-version":[{"id":44577,"href":"https:\/\/www.sudoestehoje.com.br\/novoportal\/wp-json\/wp\/v2\/posts\/44575\/revisions\/44577"}],"wp:attachment":[{"href":"https:\/\/www.sudoestehoje.com.br\/novoportal\/wp-json\/wp\/v2\/media?parent=44575"}],"wp:term":[{"taxonomy":"category","embeddable":true,"href":"https:\/\/www.sudoestehoje.com.br\/novoportal\/wp-json\/wp\/v2\/categories?post=44575"},{"taxonomy":"post_tag","embeddable":true,"href":"https:\/\/www.sudoestehoje.com.br\/novoportal\/wp-json\/wp\/v2\/tags?post=44575"}],"curies":[{"name":"wp","href":"https:\/\/api.w.org\/{rel}","templated":true}]}}