
{"id":44569,"date":"2014-11-17T22:21:14","date_gmt":"2014-11-18T01:21:14","guid":{"rendered":"http:\/\/www.sudoestehoje.com.br\/novoportal\/?p=44569"},"modified":"2014-11-17T22:21:14","modified_gmt":"2014-11-18T01:21:14","slug":"policia-federal-na-area","status":"publish","type":"post","link":"https:\/\/www.sudoestehoje.com.br\/novoportal\/2014\/11\/17\/policia-federal-na-area\/","title":{"rendered":"POL\u00cdCIA FEDERAL NA \u00c1REA&#8230;"},"content":{"rendered":"<p><a href=\"http:\/\/www.sudoestehoje.com.br\/novoportal\/wp-content\/uploads\/2014\/11\/pf-na-rua.jpg\"><img loading=\"lazy\" decoding=\"async\" class=\"aligncenter size-medium wp-image-44573\" src=\"http:\/\/www.sudoestehoje.com.br\/novoportal\/wp-content\/uploads\/2014\/11\/pf-na-rua-500x333.jpg\" alt=\"pf na rua\" width=\"500\" height=\"333\" srcset=\"https:\/\/www.sudoestehoje.com.br\/novoportal\/wp-content\/uploads\/2014\/11\/pf-na-rua-500x333.jpg 500w, https:\/\/www.sudoestehoje.com.br\/novoportal\/wp-content\/uploads\/2014\/11\/pf-na-rua-150x100.jpg 150w, https:\/\/www.sudoestehoje.com.br\/novoportal\/wp-content\/uploads\/2014\/11\/pf-na-rua.jpg 600w\" sizes=\"auto, (max-width: 500px) 100vw, 500px\" \/><\/a><\/p>\n<p>Segundo o Blog do Anderson, uma equipe de Policiais Federais, oriunda de diversos estados do Pa\u00eds, est\u00e1 em Vit\u00f3ria da Conquista, nesta segunda-feira (17) para cumprir mais uma miss\u00e3o de repercuss\u00e3o nacional. Deslocados em viaturas e \u00f4nibus, num total de 16 ve\u00edculos, os federais devem cumprir (segundo fontes ligadas ao \u00f3rg\u00e3o) mandados de busca e apreens\u00e3o e pris\u00f5es em munic\u00edpios do Sudoeste Baiano.\u00a0Aguardem mais informa\u00e7\u00f5es em instantes. <em>As informa\u00e7\u00f5es s\u00e3o do jornalista Celino Souza.<\/em><\/p>\n","protected":false},"excerpt":{"rendered":"<p>Segundo o Blog do Anderson, uma equipe de Policiais Federais, oriunda de diversos estados do Pa\u00eds, est\u00e1 em Vit\u00f3ria da Conquista, nesta segunda-feira (17) para cumprir mais uma miss\u00e3o de repercuss\u00e3o nacional. Deslocados em viaturas e \u00f4nibus, num total de 16 ve\u00edculos, os federais devem cumprir (segundo fontes ligadas ao \u00f3rg\u00e3o) mandados de busca e [&hellip;]<\/p>\n","protected":false},"author":2,"featured_media":0,"comment_status":"open","ping_status":"open","sticky":false,"template":"","format":"standard","meta":{"footnotes":"","_links_to":"","_links_to_target":""},"categories":[1],"tags":[],"class_list":["post-44569","post","type-post","status-publish","format-standard","hentry","category-geral"],"views":1354,"_links":{"self":[{"href":"https:\/\/www.sudoestehoje.com.br\/novoportal\/wp-json\/wp\/v2\/posts\/44569","targetHints":{"allow":["GET"]}}],"collection":[{"href":"https:\/\/www.sudoestehoje.com.br\/novoportal\/wp-json\/wp\/v2\/posts"}],"about":[{"href":"https:\/\/www.sudoestehoje.com.br\/novoportal\/wp-json\/wp\/v2\/types\/post"}],"author":[{"embeddable":true,"href":"https:\/\/www.sudoestehoje.com.br\/novoportal\/wp-json\/wp\/v2\/users\/2"}],"replies":[{"embeddable":true,"href":"https:\/\/www.sudoestehoje.com.br\/novoportal\/wp-json\/wp\/v2\/comments?post=44569"}],"version-history":[{"count":2,"href":"https:\/\/www.sudoestehoje.com.br\/novoportal\/wp-json\/wp\/v2\/posts\/44569\/revisions"}],"predecessor-version":[{"id":44574,"href":"https:\/\/www.sudoestehoje.com.br\/novoportal\/wp-json\/wp\/v2\/posts\/44569\/revisions\/44574"}],"wp:attachment":[{"href":"https:\/\/www.sudoestehoje.com.br\/novoportal\/wp-json\/wp\/v2\/media?parent=44569"}],"wp:term":[{"taxonomy":"category","embeddable":true,"href":"https:\/\/www.sudoestehoje.com.br\/novoportal\/wp-json\/wp\/v2\/categories?post=44569"},{"taxonomy":"post_tag","embeddable":true,"href":"https:\/\/www.sudoestehoje.com.br\/novoportal\/wp-json\/wp\/v2\/tags?post=44569"}],"curies":[{"name":"wp","href":"https:\/\/api.w.org\/{rel}","templated":true}]}}