
{"id":44563,"date":"2014-11-17T10:45:38","date_gmt":"2014-11-17T13:45:38","guid":{"rendered":"http:\/\/www.sudoestehoje.com.br\/novoportal\/?p=44563"},"modified":"2014-11-17T10:45:38","modified_gmt":"2014-11-17T13:45:38","slug":"inaugurado-em-periodo-eleitoral-shopping-popular-continua-fechado","status":"publish","type":"post","link":"https:\/\/www.sudoestehoje.com.br\/novoportal\/2014\/11\/17\/inaugurado-em-periodo-eleitoral-shopping-popular-continua-fechado\/","title":{"rendered":"INAUGURADO EM PER\u00cdODO ELEITORAL, SHOPPING POPULAR CONTINUA FECHADO"},"content":{"rendered":"<div id=\"attachment_44564\" style=\"width: 510px\" class=\"wp-caption aligncenter\"><a href=\"http:\/\/www.sudoestehoje.com.br\/novoportal\/wp-content\/uploads\/2014\/11\/shop-pop.jpg\"><img loading=\"lazy\" decoding=\"async\" aria-describedby=\"caption-attachment-44564\" class=\"size-medium wp-image-44564\" src=\"http:\/\/www.sudoestehoje.com.br\/novoportal\/wp-content\/uploads\/2014\/11\/shop-pop-500x331.jpg\" alt=\"O Shopping Popular ficou pronto, foi inaugurado \u00e0s pressas nas v\u00e9speras das  elei\u00e7\u00f5es, mas n\u00e3o funciona. Foto Blog do Anderson\" width=\"500\" height=\"331\" srcset=\"https:\/\/www.sudoestehoje.com.br\/novoportal\/wp-content\/uploads\/2014\/11\/shop-pop-500x331.jpg 500w, https:\/\/www.sudoestehoje.com.br\/novoportal\/wp-content\/uploads\/2014\/11\/shop-pop-150x99.jpg 150w, https:\/\/www.sudoestehoje.com.br\/novoportal\/wp-content\/uploads\/2014\/11\/shop-pop.jpg 600w\" sizes=\"auto, (max-width: 500px) 100vw, 500px\" \/><\/a><p id=\"caption-attachment-44564\" class=\"wp-caption-text\">O Shopping Popular ficou pronto, foi inaugurado \u00e0s pressas nas v\u00e9speras das elei\u00e7\u00f5es, mas n\u00e3o funciona. Foto Blog do Anderson<\/p><\/div>\n<p>VIT\u00d3RIA DA CONQUISTA:\u00a0O Centro de Economia Popular de Vit\u00f3ria da Conquista, inaugurado em 26 de setembro, \u00e0s v\u00e9speras da elei\u00e7\u00e3o, pelo governado Wagner e o prefeito Guilherme Menezes, mudou o visual no espa\u00e7o anteriormente ocupado pelas barracas de zinco da &#8216;Feira do Paraguai&#8217;. O empecilho agora fica por conta da abertura do espa\u00e7o, que at\u00e9 o momento n\u00e3o existe nenhuma data prevista.<\/p>\n<p>Em recente reuni\u00e3o com comerciantes, a Prefeitura chegou prever para o dia 6 de janeiro do ano que vem o in\u00edcio das atividades. \u00a0<strong><a href=\"http:\/\/www.blogdoanderson.com\/2014\/11\/09\/conquista-174-anos-guilherme-confia-em-parceria-com-rui-e-dilma-para-continuidade-de-projetos\/\" target=\"_blank\">Em entrevista ao Blog do Anderson no domingo (9)<\/a>,<\/strong> o prefeito Guilherme Menezes de Andrade disse que <em>\u201cisso ai est\u00e1 numa rela\u00e7\u00e3o do Governo do Estado para ver qual a empresa vai ser a escolhida para administrar\u201d.<\/em><\/p>\n<p>Enquanto isso, a &#8216;Feira do Paraguai&#8217; permanece funcionando provisoriamente na Pra\u00e7a Herc\u00edlio Lima, em frente ao Hospital S\u00e3o Vicente de Paula, em condi\u00e7\u00f5es prec\u00e1rias.<\/p>\n","protected":false},"excerpt":{"rendered":"<p>VIT\u00d3RIA DA CONQUISTA:\u00a0O Centro de Economia Popular de Vit\u00f3ria da Conquista, inaugurado em 26 de setembro, \u00e0s v\u00e9speras da elei\u00e7\u00e3o, pelo governado Wagner e o prefeito Guilherme Menezes, mudou o visual no espa\u00e7o anteriormente ocupado pelas barracas de zinco da &#8216;Feira do Paraguai&#8217;. O empecilho agora fica por conta da abertura do espa\u00e7o, que at\u00e9 [&hellip;]<\/p>\n","protected":false},"author":2,"featured_media":0,"comment_status":"open","ping_status":"open","sticky":false,"template":"","format":"standard","meta":{"footnotes":"","_links_to":"","_links_to_target":""},"categories":[1],"tags":[],"class_list":["post-44563","post","type-post","status-publish","format-standard","hentry","category-geral"],"views":1123,"_links":{"self":[{"href":"https:\/\/www.sudoestehoje.com.br\/novoportal\/wp-json\/wp\/v2\/posts\/44563","targetHints":{"allow":["GET"]}}],"collection":[{"href":"https:\/\/www.sudoestehoje.com.br\/novoportal\/wp-json\/wp\/v2\/posts"}],"about":[{"href":"https:\/\/www.sudoestehoje.com.br\/novoportal\/wp-json\/wp\/v2\/types\/post"}],"author":[{"embeddable":true,"href":"https:\/\/www.sudoestehoje.com.br\/novoportal\/wp-json\/wp\/v2\/users\/2"}],"replies":[{"embeddable":true,"href":"https:\/\/www.sudoestehoje.com.br\/novoportal\/wp-json\/wp\/v2\/comments?post=44563"}],"version-history":[{"count":1,"href":"https:\/\/www.sudoestehoje.com.br\/novoportal\/wp-json\/wp\/v2\/posts\/44563\/revisions"}],"predecessor-version":[{"id":44565,"href":"https:\/\/www.sudoestehoje.com.br\/novoportal\/wp-json\/wp\/v2\/posts\/44563\/revisions\/44565"}],"wp:attachment":[{"href":"https:\/\/www.sudoestehoje.com.br\/novoportal\/wp-json\/wp\/v2\/media?parent=44563"}],"wp:term":[{"taxonomy":"category","embeddable":true,"href":"https:\/\/www.sudoestehoje.com.br\/novoportal\/wp-json\/wp\/v2\/categories?post=44563"},{"taxonomy":"post_tag","embeddable":true,"href":"https:\/\/www.sudoestehoje.com.br\/novoportal\/wp-json\/wp\/v2\/tags?post=44563"}],"curies":[{"name":"wp","href":"https:\/\/api.w.org\/{rel}","templated":true}]}}