
{"id":44551,"date":"2014-11-16T13:19:59","date_gmt":"2014-11-16T16:19:59","guid":{"rendered":"http:\/\/www.sudoestehoje.com.br\/novoportal\/?p=44551"},"modified":"2014-11-16T13:24:12","modified_gmt":"2014-11-16T16:24:12","slug":"itapetinga-sem-sinal-da-tv-sudoeste-2","status":"publish","type":"post","link":"https:\/\/www.sudoestehoje.com.br\/novoportal\/2014\/11\/16\/itapetinga-sem-sinal-da-tv-sudoeste-2\/","title":{"rendered":"ITAPETINGA SEM SINAL DA TV SUDOESTE"},"content":{"rendered":"<p><a href=\"http:\/\/www.sudoestehoje.com.br\/novoportal\/wp-content\/uploads\/2014\/11\/rede_bahia_tv_sudoeste-87.png\"><img loading=\"lazy\" decoding=\"async\" class=\"aligncenter  wp-image-44552\" src=\"http:\/\/www.sudoestehoje.com.br\/novoportal\/wp-content\/uploads\/2014\/11\/rede_bahia_tv_sudoeste-87.png\" alt=\"rede_bahia_tv_sudoeste-87\" width=\"418\" height=\"362\" srcset=\"https:\/\/www.sudoestehoje.com.br\/novoportal\/wp-content\/uploads\/2014\/11\/rede_bahia_tv_sudoeste-87.png 300w, https:\/\/www.sudoestehoje.com.br\/novoportal\/wp-content\/uploads\/2014\/11\/rede_bahia_tv_sudoeste-87-150x130.png 150w\" sizes=\"auto, (max-width: 418px) 100vw, 418px\" \/><\/a><\/p>\n<p>Desde a tarde de ontem (s\u00e1bado) que o sinal da TV Sudoeste se encontra fora do ar em Itapetinga, deixando a popula\u00e7\u00e3o que n\u00e3o tem parab\u00f3lica, impossibilitada de assistir a programa\u00e7\u00e3o da Rede Globo, l\u00edder de audi\u00eancia na cidade. Quem tem TV digital, est\u00e1 a ver navios.<\/p>\n<p>A responsabilidade de manuten\u00e7\u00e3o dos equipamentos \u00e9 da TV Sudoeste, localizada em Vit\u00f3ria da Conquista, mas cabe \u00e0 Secretaria Municipal de Administra\u00e7\u00e3o manter contato com a emissora, para solicitar provid\u00eancias visando o restabelecimento do sinal.<\/p>\n<p>O problema \u00e9 que o o secret\u00e1rio de administra\u00e7\u00e3o deve estar fazendo uma &#8216;boquinha&#8217; no Coroas e se esqueceu de sua obriga\u00e7\u00e3o. De segunda-feira em diante, quem sabe?<\/p>\n<p><strong><em>Por Davi Ferraz\u00a0<\/em><\/strong><\/p>\n","protected":false},"excerpt":{"rendered":"<p>Desde a tarde de ontem (s\u00e1bado) que o sinal da TV Sudoeste se encontra fora do ar em Itapetinga, deixando a popula\u00e7\u00e3o que n\u00e3o tem parab\u00f3lica, impossibilitada de assistir a programa\u00e7\u00e3o da Rede Globo, l\u00edder de audi\u00eancia na cidade. Quem tem TV digital, est\u00e1 a ver navios. A responsabilidade de manuten\u00e7\u00e3o dos equipamentos \u00e9 da [&hellip;]<\/p>\n","protected":false},"author":2,"featured_media":0,"comment_status":"open","ping_status":"open","sticky":false,"template":"","format":"standard","meta":{"footnotes":"","_links_to":"","_links_to_target":""},"categories":[1],"tags":[],"class_list":["post-44551","post","type-post","status-publish","format-standard","hentry","category-geral"],"views":4257,"_links":{"self":[{"href":"https:\/\/www.sudoestehoje.com.br\/novoportal\/wp-json\/wp\/v2\/posts\/44551","targetHints":{"allow":["GET"]}}],"collection":[{"href":"https:\/\/www.sudoestehoje.com.br\/novoportal\/wp-json\/wp\/v2\/posts"}],"about":[{"href":"https:\/\/www.sudoestehoje.com.br\/novoportal\/wp-json\/wp\/v2\/types\/post"}],"author":[{"embeddable":true,"href":"https:\/\/www.sudoestehoje.com.br\/novoportal\/wp-json\/wp\/v2\/users\/2"}],"replies":[{"embeddable":true,"href":"https:\/\/www.sudoestehoje.com.br\/novoportal\/wp-json\/wp\/v2\/comments?post=44551"}],"version-history":[{"count":3,"href":"https:\/\/www.sudoestehoje.com.br\/novoportal\/wp-json\/wp\/v2\/posts\/44551\/revisions"}],"predecessor-version":[{"id":44555,"href":"https:\/\/www.sudoestehoje.com.br\/novoportal\/wp-json\/wp\/v2\/posts\/44551\/revisions\/44555"}],"wp:attachment":[{"href":"https:\/\/www.sudoestehoje.com.br\/novoportal\/wp-json\/wp\/v2\/media?parent=44551"}],"wp:term":[{"taxonomy":"category","embeddable":true,"href":"https:\/\/www.sudoestehoje.com.br\/novoportal\/wp-json\/wp\/v2\/categories?post=44551"},{"taxonomy":"post_tag","embeddable":true,"href":"https:\/\/www.sudoestehoje.com.br\/novoportal\/wp-json\/wp\/v2\/tags?post=44551"}],"curies":[{"name":"wp","href":"https:\/\/api.w.org\/{rel}","templated":true}]}}