
{"id":44545,"date":"2014-11-15T19:14:43","date_gmt":"2014-11-15T22:14:43","guid":{"rendered":"http:\/\/www.sudoestehoje.com.br\/novoportal\/?p=44545"},"modified":"2014-11-15T19:14:43","modified_gmt":"2014-11-15T22:14:43","slug":"muito-trovao-pra-pouca-chuva","status":"publish","type":"post","link":"https:\/\/www.sudoestehoje.com.br\/novoportal\/2014\/11\/15\/muito-trovao-pra-pouca-chuva\/","title":{"rendered":"MUITO TROV\u00c3O PRA POUCA CHUVA&#8230;"},"content":{"rendered":"<div id=\"attachment_44546\" style=\"width: 510px\" class=\"wp-caption aligncenter\"><a href=\"http:\/\/www.sudoestehoje.com.br\/novoportal\/wp-content\/uploads\/2014\/11\/n\u00e3o-chove.jpg\"><img loading=\"lazy\" decoding=\"async\" aria-describedby=\"caption-attachment-44546\" class=\"size-medium wp-image-44546\" src=\"http:\/\/www.sudoestehoje.com.br\/novoportal\/wp-content\/uploads\/2014\/11\/n\u00e3o-chove-500x281.jpg\" alt=\"Imagem do Parque Poliesportivo da Lagoa, na tarde deste s\u00e1bado. Foto Rubinho Nova \" width=\"500\" height=\"281\" srcset=\"https:\/\/www.sudoestehoje.com.br\/novoportal\/wp-content\/uploads\/2014\/11\/n\u00e3o-chove-500x281.jpg 500w, https:\/\/www.sudoestehoje.com.br\/novoportal\/wp-content\/uploads\/2014\/11\/n\u00e3o-chove-700x393.jpg 700w, https:\/\/www.sudoestehoje.com.br\/novoportal\/wp-content\/uploads\/2014\/11\/n\u00e3o-chove-150x84.jpg 150w, https:\/\/www.sudoestehoje.com.br\/novoportal\/wp-content\/uploads\/2014\/11\/n\u00e3o-chove.jpg 960w\" sizes=\"auto, (max-width: 500px) 100vw, 500px\" \/><\/a><p id=\"caption-attachment-44546\" class=\"wp-caption-text\">Imagem do Parque Poliesportivo da Lagoa, na tarde deste s\u00e1bado. Foto Rubinho Nova<\/p><\/div>\n<p>ITAPETINGA: Ao contr\u00e1rio das demais cidades da regi\u00e3o, onde as chuvas das \u00e1guas chegaram para valer, em Itapetinga tem chovido bem abaixo do esperado, apesar das previs\u00f5es dizerem o contr\u00e1rio.<\/p>\n<p>Itapetinga faz parte de uma regi\u00e3o agro-pastoril e depende exclusivamente das chuvas fortes, para viabilizar a sua principal atividade, a pecu\u00e1ria de corte e leite.<\/p>\n<p>As chuvas fracas e espor\u00e1dicas, molham as pastagens, mas n\u00e3o enchem os a\u00e7udes, rios e c\u00f3rregos, criando a chamada &#8216;seca-verde&#8217;, que \u00e9 extremamente prejudicial \u00e0 pecu\u00e1ria.<\/p>\n<p>Conversamos com um experiente pecuarista e ele explicou o seguinte: <em>&#8220;com as chuvas fracas o broto do capim nasce, mas acaba apodrecendo e morrendo, se as chuvas n\u00e3o forem cont\u00ednuas, o que acaba sendo pior, pois o fazendeiro vai precisar plantar capim o de novo e torcer para que chova por um bom per\u00edodo&#8221;<\/em>, concluiu.<\/p>\n<p>A previs\u00e3o para este s\u00e1bado, feriado de 15 de novembro, era de chuva forte com trovoadas e rel\u00e2mpagos. As trovoadas e rel\u00e2mpagos se confirmaram, mas a chuva veio fraca, agora no in\u00edcio da noite. Vamos torcer para que chova bem, por\u00e9m sem transtornos para a cidade e a popula\u00e7\u00e3o.<\/p>\n<p><strong><em>Por Davi Ferraz\u00a0<\/em><\/strong><\/p>\n","protected":false},"excerpt":{"rendered":"<p>ITAPETINGA: Ao contr\u00e1rio das demais cidades da regi\u00e3o, onde as chuvas das \u00e1guas chegaram para valer, em Itapetinga tem chovido bem abaixo do esperado, apesar das previs\u00f5es dizerem o contr\u00e1rio. Itapetinga faz parte de uma regi\u00e3o agro-pastoril e depende exclusivamente das chuvas fortes, para viabilizar a sua principal atividade, a pecu\u00e1ria de corte e leite. [&hellip;]<\/p>\n","protected":false},"author":2,"featured_media":0,"comment_status":"open","ping_status":"open","sticky":false,"template":"","format":"standard","meta":{"footnotes":"","_links_to":"","_links_to_target":""},"categories":[1],"tags":[],"class_list":["post-44545","post","type-post","status-publish","format-standard","hentry","category-geral"],"views":2308,"_links":{"self":[{"href":"https:\/\/www.sudoestehoje.com.br\/novoportal\/wp-json\/wp\/v2\/posts\/44545","targetHints":{"allow":["GET"]}}],"collection":[{"href":"https:\/\/www.sudoestehoje.com.br\/novoportal\/wp-json\/wp\/v2\/posts"}],"about":[{"href":"https:\/\/www.sudoestehoje.com.br\/novoportal\/wp-json\/wp\/v2\/types\/post"}],"author":[{"embeddable":true,"href":"https:\/\/www.sudoestehoje.com.br\/novoportal\/wp-json\/wp\/v2\/users\/2"}],"replies":[{"embeddable":true,"href":"https:\/\/www.sudoestehoje.com.br\/novoportal\/wp-json\/wp\/v2\/comments?post=44545"}],"version-history":[{"count":1,"href":"https:\/\/www.sudoestehoje.com.br\/novoportal\/wp-json\/wp\/v2\/posts\/44545\/revisions"}],"predecessor-version":[{"id":44547,"href":"https:\/\/www.sudoestehoje.com.br\/novoportal\/wp-json\/wp\/v2\/posts\/44545\/revisions\/44547"}],"wp:attachment":[{"href":"https:\/\/www.sudoestehoje.com.br\/novoportal\/wp-json\/wp\/v2\/media?parent=44545"}],"wp:term":[{"taxonomy":"category","embeddable":true,"href":"https:\/\/www.sudoestehoje.com.br\/novoportal\/wp-json\/wp\/v2\/categories?post=44545"},{"taxonomy":"post_tag","embeddable":true,"href":"https:\/\/www.sudoestehoje.com.br\/novoportal\/wp-json\/wp\/v2\/tags?post=44545"}],"curies":[{"name":"wp","href":"https:\/\/api.w.org\/{rel}","templated":true}]}}