
{"id":44534,"date":"2014-11-14T16:05:44","date_gmt":"2014-11-14T19:05:44","guid":{"rendered":"http:\/\/www.sudoestehoje.com.br\/novoportal\/?p=44534"},"modified":"2014-11-14T16:05:44","modified_gmt":"2014-11-14T19:05:44","slug":"pf-aciona-interpol-para-localizar-irmao-de-mario-negromonte","status":"publish","type":"post","link":"https:\/\/www.sudoestehoje.com.br\/novoportal\/2014\/11\/14\/pf-aciona-interpol-para-localizar-irmao-de-mario-negromonte\/","title":{"rendered":"PF ACIONA INTERPOL PARA LOCALIZAR IRM\u00c3O DE M\u00c1RIO NEGROMONTE"},"content":{"rendered":"<p><a href=\"http:\/\/www.sudoestehoje.com.br\/novoportal\/wp-content\/uploads\/2014\/11\/Mario-Negromonte.jpg\"><img loading=\"lazy\" decoding=\"async\" class=\"aligncenter size-medium wp-image-44535\" src=\"http:\/\/www.sudoestehoje.com.br\/novoportal\/wp-content\/uploads\/2014\/11\/Mario-Negromonte-500x315.jpg\" alt=\"Mario-Negromonte\" width=\"500\" height=\"315\" srcset=\"https:\/\/www.sudoestehoje.com.br\/novoportal\/wp-content\/uploads\/2014\/11\/Mario-Negromonte-500x315.jpg 500w, https:\/\/www.sudoestehoje.com.br\/novoportal\/wp-content\/uploads\/2014\/11\/Mario-Negromonte-150x94.jpg 150w, https:\/\/www.sudoestehoje.com.br\/novoportal\/wp-content\/uploads\/2014\/11\/Mario-Negromonte.jpg 600w\" sizes=\"auto, (max-width: 500px) 100vw, 500px\" \/><\/a><\/p>\n<p>A Pol\u00edcia Federal acionou a Interpol para tentar localizar o irm\u00e3o do ex-ministro M\u00e1rio Negromonte, que ocupou a pasta das Cidades no governo Dilma Rousseff. Adarico Negromonte Filho \u00e9 acusado de forma\u00e7\u00e3o de quadrilha e corrup\u00e7\u00e3o ativa. A PF fez buscas no apartamento de Adarico em S\u00e3o Paulo nesta sexta-feira (14), no \u00e2mbito da s\u00e9tima fase da Opera\u00e7\u00e3o Lava Jato.\u00a0O irm\u00e3o do ex-ministro seria supostamente subordinado ao doleiro Alberto Youssef, um dos operadores do esquema de corrup\u00e7\u00e3o na Petrobras e lavagem de dinheiro que teria movimentado R$ 10 bilh\u00f5es.\u00a0O juiz S\u00e9rgio Moro, da Justi\u00e7a do Paran\u00e1, determinou a pris\u00e3o tempor\u00e1ria (cinco dias) de Adarico Negromonte. Segundo investigadores, contudo, h\u00e1 dois meses ele n\u00e3o \u00e9 localizado.<\/p>\n","protected":false},"excerpt":{"rendered":"<p>A Pol\u00edcia Federal acionou a Interpol para tentar localizar o irm\u00e3o do ex-ministro M\u00e1rio Negromonte, que ocupou a pasta das Cidades no governo Dilma Rousseff. Adarico Negromonte Filho \u00e9 acusado de forma\u00e7\u00e3o de quadrilha e corrup\u00e7\u00e3o ativa. A PF fez buscas no apartamento de Adarico em S\u00e3o Paulo nesta sexta-feira (14), no \u00e2mbito da s\u00e9tima [&hellip;]<\/p>\n","protected":false},"author":2,"featured_media":0,"comment_status":"open","ping_status":"open","sticky":false,"template":"","format":"standard","meta":{"footnotes":"","_links_to":"","_links_to_target":""},"categories":[1],"tags":[],"class_list":["post-44534","post","type-post","status-publish","format-standard","hentry","category-geral"],"views":1371,"_links":{"self":[{"href":"https:\/\/www.sudoestehoje.com.br\/novoportal\/wp-json\/wp\/v2\/posts\/44534","targetHints":{"allow":["GET"]}}],"collection":[{"href":"https:\/\/www.sudoestehoje.com.br\/novoportal\/wp-json\/wp\/v2\/posts"}],"about":[{"href":"https:\/\/www.sudoestehoje.com.br\/novoportal\/wp-json\/wp\/v2\/types\/post"}],"author":[{"embeddable":true,"href":"https:\/\/www.sudoestehoje.com.br\/novoportal\/wp-json\/wp\/v2\/users\/2"}],"replies":[{"embeddable":true,"href":"https:\/\/www.sudoestehoje.com.br\/novoportal\/wp-json\/wp\/v2\/comments?post=44534"}],"version-history":[{"count":1,"href":"https:\/\/www.sudoestehoje.com.br\/novoportal\/wp-json\/wp\/v2\/posts\/44534\/revisions"}],"predecessor-version":[{"id":44536,"href":"https:\/\/www.sudoestehoje.com.br\/novoportal\/wp-json\/wp\/v2\/posts\/44534\/revisions\/44536"}],"wp:attachment":[{"href":"https:\/\/www.sudoestehoje.com.br\/novoportal\/wp-json\/wp\/v2\/media?parent=44534"}],"wp:term":[{"taxonomy":"category","embeddable":true,"href":"https:\/\/www.sudoestehoje.com.br\/novoportal\/wp-json\/wp\/v2\/categories?post=44534"},{"taxonomy":"post_tag","embeddable":true,"href":"https:\/\/www.sudoestehoje.com.br\/novoportal\/wp-json\/wp\/v2\/tags?post=44534"}],"curies":[{"name":"wp","href":"https:\/\/api.w.org\/{rel}","templated":true}]}}