
{"id":44531,"date":"2014-11-14T15:45:48","date_gmt":"2014-11-14T18:45:48","guid":{"rendered":"http:\/\/www.sudoestehoje.com.br\/novoportal\/?p=44531"},"modified":"2014-11-14T20:47:14","modified_gmt":"2014-11-14T23:47:14","slug":"policia-federal-prende-presidente-da-oas-e-cumpre-mais-19-mandados","status":"publish","type":"post","link":"https:\/\/www.sudoestehoje.com.br\/novoportal\/2014\/11\/14\/policia-federal-prende-presidente-da-oas-e-cumpre-mais-19-mandados\/","title":{"rendered":"POLICIA FEDERAL PRENDE PRESIDENTE DA OAS E CUMPRE MAIS 19 MANDADOS"},"content":{"rendered":"<div><a href=\"http:\/\/www.sudoestehoje.com.br\/novoportal\/wp-content\/uploads\/2014\/11\/policia-federal.jpg\"><img loading=\"lazy\" decoding=\"async\" class=\"aligncenter size-medium wp-image-44532\" src=\"http:\/\/www.sudoestehoje.com.br\/novoportal\/wp-content\/uploads\/2014\/11\/policia-federal-500x333.jpg\" alt=\"policia-federal\" width=\"500\" height=\"333\" srcset=\"https:\/\/www.sudoestehoje.com.br\/novoportal\/wp-content\/uploads\/2014\/11\/policia-federal-500x333.jpg 500w, https:\/\/www.sudoestehoje.com.br\/novoportal\/wp-content\/uploads\/2014\/11\/policia-federal-700x466.jpg 700w, https:\/\/www.sudoestehoje.com.br\/novoportal\/wp-content\/uploads\/2014\/11\/policia-federal-150x99.jpg 150w, https:\/\/www.sudoestehoje.com.br\/novoportal\/wp-content\/uploads\/2014\/11\/policia-federal.jpg 800w\" sizes=\"auto, (max-width: 500px) 100vw, 500px\" \/><\/a><\/div>\n<div id=\"cke_pastebin\">Em mais uma<a href=\"http:\/\/www.bahianoticias.com.br\/noticia\/163210-operacao-lava-jato-pf-cumpre-mandados-de-prisao-contra-executivos-em-cinco-estados-e-df.html\" target=\"_blank\"><strong> fase da Opera\u00e7\u00e3o Lava Jato<\/strong><\/a>, a Pol\u00edcia Federal prendeu cinco executivos da construtora OAS: o presidente Jos\u00e9 Aldem\u00e1rio Pinheiro Filho, conhecido como L\u00e9o Pinheiro, e os executivos Jos\u00e9 Ricardo Nogueira Breghirolli, Agenor Franklin Magalh\u00e3es Medeiros, Mateus Coutinho de S\u00e1 Oliveira e Alexandre Portela Barbosa. No total, a PF cumpriu, nesta sexta-feira (14), seis mandados de pris\u00e3o preventiva, 21 de pris\u00f5es tempor\u00e1rias e nove de condu\u00e7\u00e3o coercitivas no Paran\u00e1, em S\u00e3o Paulo, no Rio de Janeiro, em Minas Gerais, em Pernambuco e no Distrito Federal.Confira a lista de todos os mandados expedidos pela Pol\u00edcia Federal do PR:<\/p>\n<\/div>\n<p><!--more--><\/p>\n<div id=\"cke_pastebin\">\n<div id=\"cke_pastebin\"><em>Pris\u00e3o preventiva<\/em><\/div>\n<div id=\"cke_pastebin\"><\/div>\n<div id=\"cke_pastebin\">&#8211; Eduardo Hermelino Leite, diretor vice-presidente da Camargo Corr\u00eaa S.A.;<\/div>\n<div id=\"cke_pastebin\">&#8211; Jos\u00e9 Ricardo Nogueira Breghiroll, funcion\u00e1rio da Construtora OAS;<\/div>\n<div id=\"cke_pastebin\">&#8211; Agenor Franklin Magalh\u00e3es Medeiros, diretor-presidente da \u00c1rea Internacional da Construtora OAS S.A;<\/div>\n<div id=\"cke_pastebin\">&#8211; S\u00e9rgio Cunha Mendes, diretor vice-presidente executivo da Mendes J\u00fanior Trading Engenharia S\/A;<\/div>\n<div id=\"cke_pastebin\">&#8211; Gerson de Mello Almada, vice-presidente da Engevix Engenharia S.A.;<\/div>\n<div id=\"cke_pastebin\">&#8211; Erton Medeiros Fonseca; diretor-presidente da Divis\u00e3o de Engenharia Industrial da Galv\u00e3o Engenharia S.A..<\/div>\n<div id=\"cke_pastebin\"><em>Mandado de pris\u00e3o tempor\u00e1ria (5 dias)<\/em><\/div>\n<div id=\"cke_pastebin\"><\/div>\n<div id=\"cke_pastebin\">&#8211; Jo\u00e3o Ricardo Auler, presidente do Conselho de Administra\u00e7\u00e3o da Constru\u00e7\u00f5es e Com\u00e9rcio Camargo Corr\u00eaa S.A.;<\/div>\n<div id=\"cke_pastebin\">&#8211; Mateus Coutinho de S\u00e1 Oliveira, funcion\u00e1rio da OAS;<\/div>\n<div id=\"cke_pastebin\">&#8211; Alexandre Portel Barbosa, advogado da OAS;<\/div>\n<div id=\"cke_pastebin\">&#8211; Ednaldo Alves da Silva, funcion\u00e1rio da UTC Participa\u00e7\u00f5es S.A;<\/div>\n<div id=\"cke_pastebin\">&#8211; Carlos Eduardo Strauch Albero, diretor t\u00e9cnico da Engevix Engenharia S.A.;<\/div>\n<div id=\"cke_pastebin\">&#8211; Newton Prado J\u00fanior, diretor t\u00e9cnico da Engevix Engenharia S.A.;<\/div>\n<div id=\"cke_pastebin\">&#8211; Dalton dos Santos Avancini, diretor-presidente da Camargo Corr\u00eaa Constru\u00e7\u00f5es e Participa\u00e7\u00f5es S.A.;<\/div>\n<div id=\"cke_pastebin\">&#8211; Otto Garrido Sparenberg, diretor de Opera\u00e7\u00f5es da IESA \u00d3leo &amp; G\u00e1s S.A.;<\/div>\n<div id=\"cke_pastebin\">&#8211; Valdir Lima Carreiro, diretor-presidente da IESA \u00d3leo &amp; G\u00e1s S.A.;<\/div>\n<div id=\"cke_pastebin\">&#8211; Jayme Alves de Oliveira Filho, ligado a Alberto Youssef;<\/div>\n<div id=\"cke_pastebin\">&#8211; <a href=\"http:\/\/www.bahianoticias.com.br\/estadao\/noticia\/60465-pf-aciona-interpol-para-encontrar-irmao-de-mario-negromonte.html\" target=\"_blank\"><strong>Adarico Negromonte Filho<\/strong><\/a>, ligado a Alberto Youssef;<\/div>\n<div id=\"cke_pastebin\">&#8211; Jos\u00e9 Aldem\u00e1rio Pinheiro Filho, presidente da OAS;<\/div>\n<div id=\"cke_pastebin\">&#8211; <a href=\"http:\/\/www.bahianoticias.com.br\/noticia\/163213-lava-jato-pf-prende-baiano-dono-da-utc-constran.html\" target=\"_blank\"><strong>Ricardo Ribeiro Pessoa<\/strong><\/a>, UTC Participa\u00e7\u00f5es S.A.;<\/div>\n<div id=\"cke_pastebin\">&#8211; Walmir Pinheiro Santana, UTC Participa\u00e7\u00f5es S.A.;<\/div>\n<div id=\"cke_pastebin\">&#8211; Carlos Alberto da Costa Silva, ligado a empreiteiras<\/div>\n<div id=\"cke_pastebin\">&#8211; Othon Zanoide de Moraes Filho, diretor-geral de Desenvolvimento Comercial da Vital Engenharia, Grupo Queiroz Galv\u00e3o;<\/div>\n<div id=\"cke_pastebin\">&#8211; Ildefonso Colares Filho, diretor-presidente da Construtora Queiroz Galv\u00e3o S.A;<\/div>\n<div id=\"cke_pastebin\">&#8211; <a href=\"http:\/\/www.bahianoticias.com.br\/noticia\/163211-ex-diretor-da-petrobras-e-preso-pela-pf-em-nova-fase-da-lava-jato.html\" target=\"_blank\"><strong>Renato de Souza Duque<\/strong><\/a>, ex-diretor da Petrobras;<\/div>\n<div id=\"cke_pastebin\">&#8211; Fernando Ant\u00f4nio Falc\u00e3o Soares, citado nas investiga\u00e7\u00f5es como agente do PMDB no esquema criminoso.<\/div>\n<\/div>\n","protected":false},"excerpt":{"rendered":"<p>Em mais uma fase da Opera\u00e7\u00e3o Lava Jato, a Pol\u00edcia Federal prendeu cinco executivos da construtora OAS: o presidente Jos\u00e9 Aldem\u00e1rio Pinheiro Filho, conhecido como L\u00e9o Pinheiro, e os executivos Jos\u00e9 Ricardo Nogueira Breghirolli, Agenor Franklin Magalh\u00e3es Medeiros, Mateus Coutinho de S\u00e1 Oliveira e Alexandre Portela Barbosa. No total, a PF cumpriu, nesta sexta-feira (14), [&hellip;]<\/p>\n","protected":false},"author":2,"featured_media":0,"comment_status":"open","ping_status":"open","sticky":false,"template":"","format":"standard","meta":{"footnotes":"","_links_to":"","_links_to_target":""},"categories":[1],"tags":[],"class_list":["post-44531","post","type-post","status-publish","format-standard","hentry","category-geral"],"views":1882,"_links":{"self":[{"href":"https:\/\/www.sudoestehoje.com.br\/novoportal\/wp-json\/wp\/v2\/posts\/44531","targetHints":{"allow":["GET"]}}],"collection":[{"href":"https:\/\/www.sudoestehoje.com.br\/novoportal\/wp-json\/wp\/v2\/posts"}],"about":[{"href":"https:\/\/www.sudoestehoje.com.br\/novoportal\/wp-json\/wp\/v2\/types\/post"}],"author":[{"embeddable":true,"href":"https:\/\/www.sudoestehoje.com.br\/novoportal\/wp-json\/wp\/v2\/users\/2"}],"replies":[{"embeddable":true,"href":"https:\/\/www.sudoestehoje.com.br\/novoportal\/wp-json\/wp\/v2\/comments?post=44531"}],"version-history":[{"count":2,"href":"https:\/\/www.sudoestehoje.com.br\/novoportal\/wp-json\/wp\/v2\/posts\/44531\/revisions"}],"predecessor-version":[{"id":44542,"href":"https:\/\/www.sudoestehoje.com.br\/novoportal\/wp-json\/wp\/v2\/posts\/44531\/revisions\/44542"}],"wp:attachment":[{"href":"https:\/\/www.sudoestehoje.com.br\/novoportal\/wp-json\/wp\/v2\/media?parent=44531"}],"wp:term":[{"taxonomy":"category","embeddable":true,"href":"https:\/\/www.sudoestehoje.com.br\/novoportal\/wp-json\/wp\/v2\/categories?post=44531"},{"taxonomy":"post_tag","embeddable":true,"href":"https:\/\/www.sudoestehoje.com.br\/novoportal\/wp-json\/wp\/v2\/tags?post=44531"}],"curies":[{"name":"wp","href":"https:\/\/api.w.org\/{rel}","templated":true}]}}