
{"id":44528,"date":"2014-11-14T01:52:46","date_gmt":"2014-11-14T04:52:46","guid":{"rendered":"http:\/\/www.sudoestehoje.com.br\/novoportal\/?p=44528"},"modified":"2014-11-14T01:52:46","modified_gmt":"2014-11-14T04:52:46","slug":"itapetinga-monte-de-esterco-causa-mau-cheiro-em-area-nobre","status":"publish","type":"post","link":"https:\/\/www.sudoestehoje.com.br\/novoportal\/2014\/11\/14\/itapetinga-monte-de-esterco-causa-mau-cheiro-em-area-nobre\/","title":{"rendered":"ITAPETINGA: MONTE DE ESTERCO CAUSA MAU CHEIRO EM \u00c1REA NOBRE"},"content":{"rendered":"<p><a href=\"http:\/\/www.sudoestehoje.com.br\/novoportal\/wp-content\/uploads\/2014\/11\/esterco.jpg\"><img loading=\"lazy\" decoding=\"async\" class=\"aligncenter size-medium wp-image-44529\" src=\"http:\/\/www.sudoestehoje.com.br\/novoportal\/wp-content\/uploads\/2014\/11\/esterco-500x300.jpg\" alt=\"esterco\" width=\"500\" height=\"300\" srcset=\"https:\/\/www.sudoestehoje.com.br\/novoportal\/wp-content\/uploads\/2014\/11\/esterco-500x300.jpg 500w, https:\/\/www.sudoestehoje.com.br\/novoportal\/wp-content\/uploads\/2014\/11\/esterco-700x420.jpg 700w, https:\/\/www.sudoestehoje.com.br\/novoportal\/wp-content\/uploads\/2014\/11\/esterco-150x90.jpg 150w, https:\/\/www.sudoestehoje.com.br\/novoportal\/wp-content\/uploads\/2014\/11\/esterco.jpg 960w\" sizes=\"auto, (max-width: 500px) 100vw, 500px\" \/><\/a><\/p>\n<p>Desde a \u00faltima quarta-feira (12), um monte de esterco de gado, coberto de lona preta (foto), vem causando um mau cheiro terr\u00edvel no trecho da rua Montes Claros, entre as Lojas Americanas e a Residencial Herc\u00edlia Pacheco, na zona central de Itapetinga.<\/p>\n<p>Segundo moradores do luxuoso Condom\u00ednio Morada Real, ningu\u00e9m sabe quem colocou os excrementos bovinos em frente ao pr\u00e9dio, mas o mau cheiro \u00e9 muito forte e vem incomodando todos que moram nas redondezas, inclusive o Col\u00e9gio Savina Petrilli, as Lojas Americanas, a Casa da Amizade, o Pio XII, uma cl\u00ednica m\u00e9dica e as resid\u00eancias pr\u00f3ximas.<\/p>\n<p>Como a prefeitura n\u00e3o fiscaliza nada e permite esse tipo de absurdo, os moradores incomodados fazem um apelo ao dono do coc\u00f4, para que tenha consci\u00eancia e retire a porcaria, imediatamente, antes que a Vigil\u00e2ncia Sanit\u00e1ria seja acionada.<\/p>\n<p>Quando eu digo que isto aqui est\u00e1 ficando uma merda, tem gente que ainda torce o nariz&#8230;<\/p>\n<p><strong><em>Por Davi Ferraz\u00a0<\/em><\/strong><\/p>\n","protected":false},"excerpt":{"rendered":"<p>Desde a \u00faltima quarta-feira (12), um monte de esterco de gado, coberto de lona preta (foto), vem causando um mau cheiro terr\u00edvel no trecho da rua Montes Claros, entre as Lojas Americanas e a Residencial Herc\u00edlia Pacheco, na zona central de Itapetinga. Segundo moradores do luxuoso Condom\u00ednio Morada Real, ningu\u00e9m sabe quem colocou os excrementos [&hellip;]<\/p>\n","protected":false},"author":2,"featured_media":0,"comment_status":"open","ping_status":"open","sticky":false,"template":"","format":"standard","meta":{"footnotes":"","_links_to":"","_links_to_target":""},"categories":[1],"tags":[],"class_list":["post-44528","post","type-post","status-publish","format-standard","hentry","category-geral"],"views":2080,"_links":{"self":[{"href":"https:\/\/www.sudoestehoje.com.br\/novoportal\/wp-json\/wp\/v2\/posts\/44528","targetHints":{"allow":["GET"]}}],"collection":[{"href":"https:\/\/www.sudoestehoje.com.br\/novoportal\/wp-json\/wp\/v2\/posts"}],"about":[{"href":"https:\/\/www.sudoestehoje.com.br\/novoportal\/wp-json\/wp\/v2\/types\/post"}],"author":[{"embeddable":true,"href":"https:\/\/www.sudoestehoje.com.br\/novoportal\/wp-json\/wp\/v2\/users\/2"}],"replies":[{"embeddable":true,"href":"https:\/\/www.sudoestehoje.com.br\/novoportal\/wp-json\/wp\/v2\/comments?post=44528"}],"version-history":[{"count":1,"href":"https:\/\/www.sudoestehoje.com.br\/novoportal\/wp-json\/wp\/v2\/posts\/44528\/revisions"}],"predecessor-version":[{"id":44530,"href":"https:\/\/www.sudoestehoje.com.br\/novoportal\/wp-json\/wp\/v2\/posts\/44528\/revisions\/44530"}],"wp:attachment":[{"href":"https:\/\/www.sudoestehoje.com.br\/novoportal\/wp-json\/wp\/v2\/media?parent=44528"}],"wp:term":[{"taxonomy":"category","embeddable":true,"href":"https:\/\/www.sudoestehoje.com.br\/novoportal\/wp-json\/wp\/v2\/categories?post=44528"},{"taxonomy":"post_tag","embeddable":true,"href":"https:\/\/www.sudoestehoje.com.br\/novoportal\/wp-json\/wp\/v2\/tags?post=44528"}],"curies":[{"name":"wp","href":"https:\/\/api.w.org\/{rel}","templated":true}]}}