
{"id":4445,"date":"2011-04-17T18:44:00","date_gmt":"2011-04-17T21:44:00","guid":{"rendered":"http:\/\/www.sudoestehoje.com.br\/novoportal\/?p=4445"},"modified":"2011-04-17T18:44:00","modified_gmt":"2011-04-17T21:44:00","slug":"itororo-mais-um-bebe-morre-asfixiado-enquanto-dormia","status":"publish","type":"post","link":"https:\/\/www.sudoestehoje.com.br\/novoportal\/2011\/04\/17\/itororo-mais-um-bebe-morre-asfixiado-enquanto-dormia\/","title":{"rendered":"ITOROR\u00d3: MAIS UM BEB\u00ca MORRE ASFIXIADO ENQUANTO DORMIA"},"content":{"rendered":"<p style=\"text-align: center;\"><img decoding=\"async\" class=\"aligncenter\" src=\"http:\/\/www.osollo.com.br\/online\/images\/stories\/ed178\/recem-nascido.jpg\" alt=\"\" \/><br \/>\n<em><strong>Rec\u00e9m-nascido foi levado\u00a0ao hospital municipal, mas j\u00e1 chegou sem vida<\/strong><\/em><\/p>\n<p>\u00a0<\/p>\n<p>ITOROR\u00d3: Um beb\u00ea de 30 dias de vida morreu asfixiado enquanto dormia neste s\u00e1bado (16), em Itoror\u00f3, no sudoeste baiano. De acordo com informa\u00e7\u00f5es de um tio da v\u00edtima, ap\u00f3s amament\u00e1-lo na madrugada, a m\u00e3e o colocou para dormir e s\u00f3 teria percebido o problema pela manh\u00e3, quando notou que o filho n\u00e3o se mexia e n\u00e3o respirava. A crian\u00e7a foi levada pelos pr\u00f3prios pais ao Hospital Maternidade de Itoror\u00f3, mas j\u00e1 chegou sem vida. Segundo informa\u00e7\u00f5es do Blog do Marcelo, o m\u00e9dico plantonista teria afirmado que a causa da morte do rec\u00e9m-nascido foi por \u201casfixia por refluxo\u201d. No domingo passado (10), um outro beb\u00ea rec\u00e9m-nascido j\u00e1 havia morrido asfixiado enquanto dormia com os pais,\u00a0no distrito de Bandeira do Col\u00f4nia (Itapetinga), que \u00e9 vizinho \u00e0 cidade de Itoror\u00f3.<\/p>\n","protected":false},"excerpt":{"rendered":"<p>Rec\u00e9m-nascido foi levado\u00a0ao hospital municipal, mas j\u00e1 chegou sem vida \u00a0 ITOROR\u00d3: Um beb\u00ea de 30 dias de vida morreu asfixiado enquanto dormia neste s\u00e1bado (16), em Itoror\u00f3, no sudoeste baiano. De acordo com informa\u00e7\u00f5es de um tio da v\u00edtima, ap\u00f3s amament\u00e1-lo na madrugada, a m\u00e3e o colocou para dormir e s\u00f3 teria percebido o [&hellip;]<\/p>\n","protected":false},"author":2,"featured_media":0,"comment_status":"open","ping_status":"open","sticky":false,"template":"","format":"standard","meta":{"footnotes":"","_links_to":"","_links_to_target":""},"categories":[1],"tags":[],"class_list":["post-4445","post","type-post","status-publish","format-standard","hentry","category-geral"],"views":1239,"_links":{"self":[{"href":"https:\/\/www.sudoestehoje.com.br\/novoportal\/wp-json\/wp\/v2\/posts\/4445","targetHints":{"allow":["GET"]}}],"collection":[{"href":"https:\/\/www.sudoestehoje.com.br\/novoportal\/wp-json\/wp\/v2\/posts"}],"about":[{"href":"https:\/\/www.sudoestehoje.com.br\/novoportal\/wp-json\/wp\/v2\/types\/post"}],"author":[{"embeddable":true,"href":"https:\/\/www.sudoestehoje.com.br\/novoportal\/wp-json\/wp\/v2\/users\/2"}],"replies":[{"embeddable":true,"href":"https:\/\/www.sudoestehoje.com.br\/novoportal\/wp-json\/wp\/v2\/comments?post=4445"}],"version-history":[{"count":5,"href":"https:\/\/www.sudoestehoje.com.br\/novoportal\/wp-json\/wp\/v2\/posts\/4445\/revisions"}],"predecessor-version":[{"id":4450,"href":"https:\/\/www.sudoestehoje.com.br\/novoportal\/wp-json\/wp\/v2\/posts\/4445\/revisions\/4450"}],"wp:attachment":[{"href":"https:\/\/www.sudoestehoje.com.br\/novoportal\/wp-json\/wp\/v2\/media?parent=4445"}],"wp:term":[{"taxonomy":"category","embeddable":true,"href":"https:\/\/www.sudoestehoje.com.br\/novoportal\/wp-json\/wp\/v2\/categories?post=4445"},{"taxonomy":"post_tag","embeddable":true,"href":"https:\/\/www.sudoestehoje.com.br\/novoportal\/wp-json\/wp\/v2\/tags?post=4445"}],"curies":[{"name":"wp","href":"https:\/\/api.w.org\/{rel}","templated":true}]}}