
{"id":44374,"date":"2014-11-10T18:03:07","date_gmt":"2014-11-10T21:03:07","guid":{"rendered":"http:\/\/www.sudoestehoje.com.br\/novoportal\/?p=44374"},"modified":"2014-11-10T22:41:58","modified_gmt":"2014-11-11T01:41:58","slug":"aviao-bimotor-cai-proximo-a-macarani-na-divisa-com-minas-gerais","status":"publish","type":"post","link":"https:\/\/www.sudoestehoje.com.br\/novoportal\/2014\/11\/10\/aviao-bimotor-cai-proximo-a-macarani-na-divisa-com-minas-gerais\/","title":{"rendered":"AVI\u00c3O BIMOTOR CAI PR\u00d3XIMO A MACARANI, NA DIVISA COM MINAS GERAIS"},"content":{"rendered":"<p><a href=\"http:\/\/www.sudoestehoje.com.br\/novoportal\/wp-content\/uploads\/2014\/11\/avi\u00e3o-bandeira-2.jpg\"><img loading=\"lazy\" decoding=\"async\" class=\"aligncenter size-medium wp-image-44393\" src=\"http:\/\/www.sudoestehoje.com.br\/novoportal\/wp-content\/uploads\/2014\/11\/avi\u00e3o-bandeira-2-500x375.jpg\" alt=\"avi\u00e3o bandeira 2\" width=\"500\" height=\"375\" srcset=\"https:\/\/www.sudoestehoje.com.br\/novoportal\/wp-content\/uploads\/2014\/11\/avi\u00e3o-bandeira-2-500x375.jpg 500w, https:\/\/www.sudoestehoje.com.br\/novoportal\/wp-content\/uploads\/2014\/11\/avi\u00e3o-bandeira-2-150x112.jpg 150w, https:\/\/www.sudoestehoje.com.br\/novoportal\/wp-content\/uploads\/2014\/11\/avi\u00e3o-bandeira-2.jpg 620w\" sizes=\"auto, (max-width: 500px) 100vw, 500px\" \/><\/a><\/p>\n<p>Um avi\u00e3o bimotor caiu na tarde desta segunda-feira (10) na regi\u00e3o de Macarani, no centro-sul baiano. Segundo informa\u00e7\u00f5es da delegacia do munic\u00edpio, uma equipe se dirigiu ao local do acidente, pr\u00f3ximo \u00e0 divisa entre a Bahia e Minas Gerais, mas ainda n\u00e3o h\u00e1 informa\u00e7\u00f5es sobre v\u00edtimas.<\/p>\n<p>Tamb\u00e9m foram informadas sobre a queda da aeronave as pol\u00edcias civis em Itapetinga e Almenara, norte de Minas. Segundo informa\u00e7\u00f5es, chove muito na regi\u00e3o, com a ocorr\u00eancia de ventos fortes. Dados preliminares d\u00e3o conta da exist\u00eancia de duas ou tr\u00eas v\u00edtimas fatais.<\/p>\n","protected":false},"excerpt":{"rendered":"<p>Um avi\u00e3o bimotor caiu na tarde desta segunda-feira (10) na regi\u00e3o de Macarani, no centro-sul baiano. Segundo informa\u00e7\u00f5es da delegacia do munic\u00edpio, uma equipe se dirigiu ao local do acidente, pr\u00f3ximo \u00e0 divisa entre a Bahia e Minas Gerais, mas ainda n\u00e3o h\u00e1 informa\u00e7\u00f5es sobre v\u00edtimas. Tamb\u00e9m foram informadas sobre a queda da aeronave as [&hellip;]<\/p>\n","protected":false},"author":2,"featured_media":0,"comment_status":"open","ping_status":"open","sticky":false,"template":"","format":"standard","meta":{"footnotes":"","_links_to":"","_links_to_target":""},"categories":[1],"tags":[],"class_list":["post-44374","post","type-post","status-publish","format-standard","hentry","category-geral"],"views":1861,"_links":{"self":[{"href":"https:\/\/www.sudoestehoje.com.br\/novoportal\/wp-json\/wp\/v2\/posts\/44374","targetHints":{"allow":["GET"]}}],"collection":[{"href":"https:\/\/www.sudoestehoje.com.br\/novoportal\/wp-json\/wp\/v2\/posts"}],"about":[{"href":"https:\/\/www.sudoestehoje.com.br\/novoportal\/wp-json\/wp\/v2\/types\/post"}],"author":[{"embeddable":true,"href":"https:\/\/www.sudoestehoje.com.br\/novoportal\/wp-json\/wp\/v2\/users\/2"}],"replies":[{"embeddable":true,"href":"https:\/\/www.sudoestehoje.com.br\/novoportal\/wp-json\/wp\/v2\/comments?post=44374"}],"version-history":[{"count":7,"href":"https:\/\/www.sudoestehoje.com.br\/novoportal\/wp-json\/wp\/v2\/posts\/44374\/revisions"}],"predecessor-version":[{"id":44395,"href":"https:\/\/www.sudoestehoje.com.br\/novoportal\/wp-json\/wp\/v2\/posts\/44374\/revisions\/44395"}],"wp:attachment":[{"href":"https:\/\/www.sudoestehoje.com.br\/novoportal\/wp-json\/wp\/v2\/media?parent=44374"}],"wp:term":[{"taxonomy":"category","embeddable":true,"href":"https:\/\/www.sudoestehoje.com.br\/novoportal\/wp-json\/wp\/v2\/categories?post=44374"},{"taxonomy":"post_tag","embeddable":true,"href":"https:\/\/www.sudoestehoje.com.br\/novoportal\/wp-json\/wp\/v2\/tags?post=44374"}],"curies":[{"name":"wp","href":"https:\/\/api.w.org\/{rel}","templated":true}]}}