
{"id":4437,"date":"2011-04-17T11:39:03","date_gmt":"2011-04-17T14:39:03","guid":{"rendered":"http:\/\/www.sudoestehoje.com.br\/novoportal\/?p=4437"},"modified":"2011-04-17T11:40:49","modified_gmt":"2011-04-17T14:40:49","slug":"conquista-pode-ganhar-novo-voo-para-sao-paulo","status":"publish","type":"post","link":"https:\/\/www.sudoestehoje.com.br\/novoportal\/2011\/04\/17\/conquista-pode-ganhar-novo-voo-para-sao-paulo\/","title":{"rendered":"CONQUISTA PODE GANHAR NOVO VOO PARA S\u00c3O PAULO"},"content":{"rendered":"<p style=\"text-align: center;\"><img loading=\"lazy\" decoding=\"async\" class=\"aligncenter\" src=\"http:\/\/www.bahianoticias.com.br\/fotos\/editor\/Image\/FOTOS%20NOVAS\/passaredo_linhas_aereas_divulgacao.jpg\" alt=\"\" width=\"350\" height=\"241\" \/><br \/>\n<em>Passaredo busca junto \u00e0 Anac permiss\u00e3o para operar no sudoeste baiano<\/em><\/p>\n<p>\u00a0<\/p>\n<p>A Passaredo Linhas A\u00e9reas, empresa com sede em Ribeir\u00e3o Preto (SP) que conta com 14 aeronaves e cumpre itiner\u00e1rios em 22 cidades do pa\u00eds (tr\u00eas delas na Bahia), ingressou com requerimento junto \u00e0 Ag\u00eancia Nacional de Avia\u00e7\u00e3o Civil (Anac) que solicita um voo di\u00e1rio entre Vit\u00f3ria da Conquista, no sudoeste baiano, e Guarulhos, na Grande S\u00e3o Paulo. A nova linha, que tamb\u00e9m prev\u00ea escalas em Salvador e Petrolina (PE), com destino final em Recife (PE), sairia \u00e0s 18h10 de S\u00e3o Paulo, o que possibilitaria a alguns conquistenses a possibilidade de trabalhar no maior centro financeiro do pa\u00eds, bem como a quem passar o dia em Conquista, embarcar para Salvador e Recife \u00e0s 21h15. O requerimento da empresa, que opera com uma frota composta por aeronaves Embraer EMB-120 e jatos Embraer ERJ-145, tamb\u00e9m solicita novos voos entre Recife e Salvador (\u00e0s 05h45), Salvador e Conquista (8h45) e novo hor\u00e1rio entre Conquista e S\u00e3o Paulo (9h55). De acordo com a assessoria da Passaredo Linhas A\u00e9reas, o pleito \u00e9 uma aspira\u00e7\u00e3o antiga da regi\u00e3o sudoeste da Bahia, mas h\u00e1 de se considerar as condi\u00e7\u00f5es do\u00a0Aeroporto de Vit\u00f3ria da Conquista, que &#8220;deve fazer as adapta\u00e7\u00f5es necess\u00e1rias&#8221; para receber o novo voo. BN<\/p>\n","protected":false},"excerpt":{"rendered":"<p>Passaredo busca junto \u00e0 Anac permiss\u00e3o para operar no sudoeste baiano \u00a0 A Passaredo Linhas A\u00e9reas, empresa com sede em Ribeir\u00e3o Preto (SP) que conta com 14 aeronaves e cumpre itiner\u00e1rios em 22 cidades do pa\u00eds (tr\u00eas delas na Bahia), ingressou com requerimento junto \u00e0 Ag\u00eancia Nacional de Avia\u00e7\u00e3o Civil (Anac) que solicita um voo [&hellip;]<\/p>\n","protected":false},"author":2,"featured_media":0,"comment_status":"open","ping_status":"open","sticky":false,"template":"","format":"standard","meta":{"footnotes":"","_links_to":"","_links_to_target":""},"categories":[1],"tags":[],"class_list":["post-4437","post","type-post","status-publish","format-standard","hentry","category-geral"],"views":1217,"_links":{"self":[{"href":"https:\/\/www.sudoestehoje.com.br\/novoportal\/wp-json\/wp\/v2\/posts\/4437","targetHints":{"allow":["GET"]}}],"collection":[{"href":"https:\/\/www.sudoestehoje.com.br\/novoportal\/wp-json\/wp\/v2\/posts"}],"about":[{"href":"https:\/\/www.sudoestehoje.com.br\/novoportal\/wp-json\/wp\/v2\/types\/post"}],"author":[{"embeddable":true,"href":"https:\/\/www.sudoestehoje.com.br\/novoportal\/wp-json\/wp\/v2\/users\/2"}],"replies":[{"embeddable":true,"href":"https:\/\/www.sudoestehoje.com.br\/novoportal\/wp-json\/wp\/v2\/comments?post=4437"}],"version-history":[{"count":4,"href":"https:\/\/www.sudoestehoje.com.br\/novoportal\/wp-json\/wp\/v2\/posts\/4437\/revisions"}],"predecessor-version":[{"id":4441,"href":"https:\/\/www.sudoestehoje.com.br\/novoportal\/wp-json\/wp\/v2\/posts\/4437\/revisions\/4441"}],"wp:attachment":[{"href":"https:\/\/www.sudoestehoje.com.br\/novoportal\/wp-json\/wp\/v2\/media?parent=4437"}],"wp:term":[{"taxonomy":"category","embeddable":true,"href":"https:\/\/www.sudoestehoje.com.br\/novoportal\/wp-json\/wp\/v2\/categories?post=4437"},{"taxonomy":"post_tag","embeddable":true,"href":"https:\/\/www.sudoestehoje.com.br\/novoportal\/wp-json\/wp\/v2\/tags?post=4437"}],"curies":[{"name":"wp","href":"https:\/\/api.w.org\/{rel}","templated":true}]}}