
{"id":44365,"date":"2014-11-10T17:07:33","date_gmt":"2014-11-10T20:07:33","guid":{"rendered":"http:\/\/www.sudoestehoje.com.br\/novoportal\/?p=44365"},"modified":"2014-11-10T17:35:56","modified_gmt":"2014-11-10T20:35:56","slug":"temporal-inunda-conquista-e-arrasta-carros-no-centro-da-cidade","status":"publish","type":"post","link":"https:\/\/www.sudoestehoje.com.br\/novoportal\/2014\/11\/10\/temporal-inunda-conquista-e-arrasta-carros-no-centro-da-cidade\/","title":{"rendered":"TEMPORAL INUNDA CONQUISTA E ARRASTA CARROS NO CENTRO DA CIDADE"},"content":{"rendered":"<div id=\"attachment_44366\" style=\"width: 510px\" class=\"wp-caption aligncenter\"><a href=\"http:\/\/www.sudoestehoje.com.br\/novoportal\/wp-content\/uploads\/2014\/11\/enxurrada-conquista.jpg\"><img loading=\"lazy\" decoding=\"async\" aria-describedby=\"caption-attachment-44366\" class=\"size-full wp-image-44366\" src=\"http:\/\/www.sudoestehoje.com.br\/novoportal\/wp-content\/uploads\/2014\/11\/enxurrada-conquista.jpg\" alt=\"e \" width=\"500\" height=\"300\" srcset=\"https:\/\/www.sudoestehoje.com.br\/novoportal\/wp-content\/uploads\/2014\/11\/enxurrada-conquista.jpg 500w, https:\/\/www.sudoestehoje.com.br\/novoportal\/wp-content\/uploads\/2014\/11\/enxurrada-conquista-150x90.jpg 150w\" sizes=\"auto, (max-width: 500px) 100vw, 500px\" \/><\/a><p id=\"caption-attachment-44366\" class=\"wp-caption-text\">Bastaram 20 minutos de chuva forte para ve\u00edculos serem arrastados pela \u00e1gua que desceu na Av. Ascendino Melo.<\/p><\/div>\n<p>Menos de 20 minutos de chuva causaram estragos pelas ruas de Vit\u00f3ria da Conquista, nesta segunda-feira (10). Pela cidade s\u00e3o v\u00e1rios relatos de estragos. Na Avenida Ascendino Melo, no centro da cidade, carros foram carregados.<\/p>\n<p><a href=\"http:\/\/www.sudoestehoje.com.br\/novoportal\/wp-content\/uploads\/2014\/11\/enxurrada-conquista-2.jpg\"><img loading=\"lazy\" decoding=\"async\" class=\"aligncenter size-medium wp-image-44367\" src=\"http:\/\/www.sudoestehoje.com.br\/novoportal\/wp-content\/uploads\/2014\/11\/enxurrada-conquista-2.jpg\" alt=\"enxurrada conquista 2\" width=\"500\" height=\"300\" srcset=\"https:\/\/www.sudoestehoje.com.br\/novoportal\/wp-content\/uploads\/2014\/11\/enxurrada-conquista-2.jpg 500w, https:\/\/www.sudoestehoje.com.br\/novoportal\/wp-content\/uploads\/2014\/11\/enxurrada-conquista-2-150x90.jpg 150w\" sizes=\"auto, (max-width: 500px) 100vw, 500px\" \/><\/a><\/p>\n<p>Mesmo com o pouco tempo\u00a0de chuva, uma forte enxurrada foi formada nas partes entrais da cidade. Como \u00e9 poss\u00edvel ver no registro da reportagem, a \u00e1gua encobriu ve\u00edculos e carregaram os carros. O local \u00e9 conhecido pela grande concentra\u00e7\u00e3o de \u00e1gua durante as chuvas, mas uma enxurrada dessa propor\u00e7\u00e3o, nunca foi vista, afirmaram os comerciantes locais. Informa\u00e7\u00f5es Blog da Resenha Geral<\/p>\n<p><a href=\"http:\/\/www.sudoestehoje.com.br\/novoportal\/wp-content\/uploads\/2014\/11\/enxurrada-conquista-3.jpg\"><img loading=\"lazy\" decoding=\"async\" class=\"aligncenter size-full wp-image-44368\" src=\"http:\/\/www.sudoestehoje.com.br\/novoportal\/wp-content\/uploads\/2014\/11\/enxurrada-conquista-3.jpg\" alt=\"enxurrada conquista 3\" width=\"500\" height=\"300\" srcset=\"https:\/\/www.sudoestehoje.com.br\/novoportal\/wp-content\/uploads\/2014\/11\/enxurrada-conquista-3.jpg 500w, https:\/\/www.sudoestehoje.com.br\/novoportal\/wp-content\/uploads\/2014\/11\/enxurrada-conquista-3-150x90.jpg 150w\" sizes=\"auto, (max-width: 500px) 100vw, 500px\" \/><\/a><\/p>\n<p><img decoding=\"async\" class=\"aligncenter\" src=\"http:\/\/static.blogdaresenhageral.com.br\/wp-content\/uploads\/2014\/11\/IMG_0258.jpg?150b87\" alt=\"\" \/><\/p>\n","protected":false},"excerpt":{"rendered":"<p>Menos de 20 minutos de chuva causaram estragos pelas ruas de Vit\u00f3ria da Conquista, nesta segunda-feira (10). Pela cidade s\u00e3o v\u00e1rios relatos de estragos. Na Avenida Ascendino Melo, no centro da cidade, carros foram carregados. Mesmo com o pouco tempo\u00a0de chuva, uma forte enxurrada foi formada nas partes entrais da cidade. Como \u00e9 poss\u00edvel ver [&hellip;]<\/p>\n","protected":false},"author":2,"featured_media":0,"comment_status":"open","ping_status":"open","sticky":false,"template":"","format":"standard","meta":{"footnotes":"","_links_to":"","_links_to_target":""},"categories":[1],"tags":[],"class_list":["post-44365","post","type-post","status-publish","format-standard","hentry","category-geral"],"views":1992,"_links":{"self":[{"href":"https:\/\/www.sudoestehoje.com.br\/novoportal\/wp-json\/wp\/v2\/posts\/44365","targetHints":{"allow":["GET"]}}],"collection":[{"href":"https:\/\/www.sudoestehoje.com.br\/novoportal\/wp-json\/wp\/v2\/posts"}],"about":[{"href":"https:\/\/www.sudoestehoje.com.br\/novoportal\/wp-json\/wp\/v2\/types\/post"}],"author":[{"embeddable":true,"href":"https:\/\/www.sudoestehoje.com.br\/novoportal\/wp-json\/wp\/v2\/users\/2"}],"replies":[{"embeddable":true,"href":"https:\/\/www.sudoestehoje.com.br\/novoportal\/wp-json\/wp\/v2\/comments?post=44365"}],"version-history":[{"count":5,"href":"https:\/\/www.sudoestehoje.com.br\/novoportal\/wp-json\/wp\/v2\/posts\/44365\/revisions"}],"predecessor-version":[{"id":44373,"href":"https:\/\/www.sudoestehoje.com.br\/novoportal\/wp-json\/wp\/v2\/posts\/44365\/revisions\/44373"}],"wp:attachment":[{"href":"https:\/\/www.sudoestehoje.com.br\/novoportal\/wp-json\/wp\/v2\/media?parent=44365"}],"wp:term":[{"taxonomy":"category","embeddable":true,"href":"https:\/\/www.sudoestehoje.com.br\/novoportal\/wp-json\/wp\/v2\/categories?post=44365"},{"taxonomy":"post_tag","embeddable":true,"href":"https:\/\/www.sudoestehoje.com.br\/novoportal\/wp-json\/wp\/v2\/tags?post=44365"}],"curies":[{"name":"wp","href":"https:\/\/api.w.org\/{rel}","templated":true}]}}