
{"id":44351,"date":"2014-11-10T06:08:54","date_gmt":"2014-11-10T09:08:54","guid":{"rendered":"http:\/\/www.sudoestehoje.com.br\/novoportal\/?p=44351"},"modified":"2014-11-09T22:32:54","modified_gmt":"2014-11-10T01:32:54","slug":"consorcio-das-prefeituras-do-medio-sudoeste-se-reune-em-itarantim","status":"publish","type":"post","link":"https:\/\/www.sudoestehoje.com.br\/novoportal\/2014\/11\/10\/consorcio-das-prefeituras-do-medio-sudoeste-se-reune-em-itarantim\/","title":{"rendered":"CONS\u00d3RCIO DAS PREFEITURAS DO M\u00c9DIO SUDOESTE SE RE\u00daNE EM ITARANTIM"},"content":{"rendered":"<p><a href=\"http:\/\/www.sudoestehoje.com.br\/novoportal\/wp-content\/uploads\/2014\/11\/cons\u00f3rcio.jpg\"><img loading=\"lazy\" decoding=\"async\" class=\"aligncenter size-medium wp-image-44352\" src=\"http:\/\/www.sudoestehoje.com.br\/novoportal\/wp-content\/uploads\/2014\/11\/cons\u00f3rcio-500x334.jpg\" alt=\"cons\u00f3rcio\" width=\"500\" height=\"334\" srcset=\"https:\/\/www.sudoestehoje.com.br\/novoportal\/wp-content\/uploads\/2014\/11\/cons\u00f3rcio-500x334.jpg 500w, https:\/\/www.sudoestehoje.com.br\/novoportal\/wp-content\/uploads\/2014\/11\/cons\u00f3rcio-700x468.jpg 700w, https:\/\/www.sudoestehoje.com.br\/novoportal\/wp-content\/uploads\/2014\/11\/cons\u00f3rcio-150x100.jpg 150w, https:\/\/www.sudoestehoje.com.br\/novoportal\/wp-content\/uploads\/2014\/11\/cons\u00f3rcio.jpg 1600w\" sizes=\"auto, (max-width: 500px) 100vw, 500px\" \/><\/a><\/p>\n<p>Na manh\u00e3 desta sexta-feira (7), no audit\u00f3rio da prefeitura municipal de Itarantim, aconteceu a segunda reuni\u00e3o do Cons\u00f3rcio dos Prefeitos do Territ\u00f3rio do M\u00e9dio Sudoeste, com a presen\u00e7a dos gestores Luiz Soares, de Potiragu\u00e1, Menininha, de Maiquinique, Gilnai Santana, de Ibicu\u00ed, do presidente do cons\u00f3rcio, o prefeito de Caatiba Junior Mendes, e do anfitri\u00e3o, Dr. Paulo Fernandes, prefeito de Itarantim.<\/p>\n<p><a href=\"http:\/\/www.sudoestehoje.com.br\/novoportal\/wp-content\/uploads\/2014\/11\/cons.jpg\"><img loading=\"lazy\" decoding=\"async\" class=\"aligncenter size-medium wp-image-44353\" src=\"http:\/\/www.sudoestehoje.com.br\/novoportal\/wp-content\/uploads\/2014\/11\/cons-500x334.jpg\" alt=\"cons\" width=\"500\" height=\"334\" srcset=\"https:\/\/www.sudoestehoje.com.br\/novoportal\/wp-content\/uploads\/2014\/11\/cons-500x334.jpg 500w, https:\/\/www.sudoestehoje.com.br\/novoportal\/wp-content\/uploads\/2014\/11\/cons-700x468.jpg 700w, https:\/\/www.sudoestehoje.com.br\/novoportal\/wp-content\/uploads\/2014\/11\/cons-150x100.jpg 150w, https:\/\/www.sudoestehoje.com.br\/novoportal\/wp-content\/uploads\/2014\/11\/cons.jpg 1600w\" sizes=\"auto, (max-width: 500px) 100vw, 500px\" \/><\/a><\/p>\n<p>O objetivo da reuni\u00e3o do Cons\u00f3rcio foi unir for\u00e7as para enfrentar as dificuldades causadas pela queda de arrecada\u00e7\u00e3o e da falta de ind\u00fastrias na regi\u00e3o, dificultando a gera\u00e7\u00e3o de emprego e renda nos munic\u00edpios. Os debates foram produtivos e todos sa\u00edram convictos de que os resultados positivos logo aparecer\u00e3o. O prefeito de Caatiba, Junior Mendes, agradeceu ao Dr. Paulo Fernandes, em nome dos demais prefeitos que integram o Cons\u00f3rcio, pela calorosa recep\u00e7\u00e3o. Ascom<\/p>\n","protected":false},"excerpt":{"rendered":"<p>Na manh\u00e3 desta sexta-feira (7), no audit\u00f3rio da prefeitura municipal de Itarantim, aconteceu a segunda reuni\u00e3o do Cons\u00f3rcio dos Prefeitos do Territ\u00f3rio do M\u00e9dio Sudoeste, com a presen\u00e7a dos gestores Luiz Soares, de Potiragu\u00e1, Menininha, de Maiquinique, Gilnai Santana, de Ibicu\u00ed, do presidente do cons\u00f3rcio, o prefeito de Caatiba Junior Mendes, e do anfitri\u00e3o, Dr. [&hellip;]<\/p>\n","protected":false},"author":2,"featured_media":0,"comment_status":"open","ping_status":"open","sticky":false,"template":"","format":"standard","meta":{"footnotes":"","_links_to":"","_links_to_target":""},"categories":[1],"tags":[],"class_list":["post-44351","post","type-post","status-publish","format-standard","hentry","category-geral"],"views":1280,"_links":{"self":[{"href":"https:\/\/www.sudoestehoje.com.br\/novoportal\/wp-json\/wp\/v2\/posts\/44351","targetHints":{"allow":["GET"]}}],"collection":[{"href":"https:\/\/www.sudoestehoje.com.br\/novoportal\/wp-json\/wp\/v2\/posts"}],"about":[{"href":"https:\/\/www.sudoestehoje.com.br\/novoportal\/wp-json\/wp\/v2\/types\/post"}],"author":[{"embeddable":true,"href":"https:\/\/www.sudoestehoje.com.br\/novoportal\/wp-json\/wp\/v2\/users\/2"}],"replies":[{"embeddable":true,"href":"https:\/\/www.sudoestehoje.com.br\/novoportal\/wp-json\/wp\/v2\/comments?post=44351"}],"version-history":[{"count":1,"href":"https:\/\/www.sudoestehoje.com.br\/novoportal\/wp-json\/wp\/v2\/posts\/44351\/revisions"}],"predecessor-version":[{"id":44354,"href":"https:\/\/www.sudoestehoje.com.br\/novoportal\/wp-json\/wp\/v2\/posts\/44351\/revisions\/44354"}],"wp:attachment":[{"href":"https:\/\/www.sudoestehoje.com.br\/novoportal\/wp-json\/wp\/v2\/media?parent=44351"}],"wp:term":[{"taxonomy":"category","embeddable":true,"href":"https:\/\/www.sudoestehoje.com.br\/novoportal\/wp-json\/wp\/v2\/categories?post=44351"},{"taxonomy":"post_tag","embeddable":true,"href":"https:\/\/www.sudoestehoje.com.br\/novoportal\/wp-json\/wp\/v2\/tags?post=44351"}],"curies":[{"name":"wp","href":"https:\/\/api.w.org\/{rel}","templated":true}]}}