
{"id":4434,"date":"2011-04-17T11:34:28","date_gmt":"2011-04-17T14:34:28","guid":{"rendered":"http:\/\/www.sudoestehoje.com.br\/novoportal\/?p=4434"},"modified":"2011-04-17T11:34:28","modified_gmt":"2011-04-17T14:34:28","slug":"base-fisiologica","status":"publish","type":"post","link":"https:\/\/www.sudoestehoje.com.br\/novoportal\/2011\/04\/17\/base-fisiologica\/","title":{"rendered":"BASE FISIOL\u00d3GICA"},"content":{"rendered":"<p style=\"text-align: center;\"><a id=\"apf4\" href=\"http:\/\/www.google.com.br\/imgres?imgurl=http:\/\/www.bahianoticias.com.br\/fotos\/editor\/Image\/Fotos%2520Novas\/GovernadorcomSamuelCelestino004.jpg&amp;imgrefurl=http:\/\/www.bahianoticias.com.br\/noticias\/entrevistas\/2009\/03\/31\/85,wagner-a-politica-e-a-gestao-um-documento.html&amp;usg=__nduveXcYZrRuymc6qiFDNOEd_h4=&amp;h=640&amp;w=606&amp;sz=60&amp;hl=pt-BR&amp;start=5&amp;zoom=1&amp;itbs=1&amp;tbnid=CnDFo47Fdnk2bM:&amp;tbnh=137&amp;tbnw=130&amp;prev=\/images%3Fq%3Dsamuel%2Bcelestino%26hl%3Dpt-BR%26sa%3DG%26gbv%3D2%26tbm%3Disch&amp;ei=yfmqTeTGFpP1gAfHrMXmCA\"><img loading=\"lazy\" decoding=\"async\" id=\"ipfCnDFo47Fdnk2bM:\" src=\"http:\/\/t1.gstatic.com\/images?q=tbn:ANd9GcSnsDifbpqZ1vhf2rogEzfmIm0_q6wPCWTmKMigurBzBnkX1gn6Qj5qaK5-Sw\" alt=\"\" width=\"130\" height=\"137\" \/><\/a><\/p>\n<p>D\u00favidas n\u00e3o h\u00e1 de que o governador Jaques Wagner, detem, ao primeiro olhar, uma base de apoio muito al\u00e9m da razo\u00e1vel na Assembl\u00e9ia Legislativa. Mas, somente na primeira observa\u00e7\u00e3o, porque a segunda \u00e9 a que demarca com exatid\u00e3o os limites da sua base: n\u00e3o se trata de apoio pol\u00edtico, mas de abjeta fisiologia como lastro nos interesses dos parlamentares. Seguramente, Wagner, que escuta reivindica\u00e7\u00f5es e pedidos pessoais estapaf\u00fardios, sabe perfeitamente que o segredo do \u201capoio\u201d n\u00e3o est\u00e1 nos seus olhos azuis, nem tampouco na sua forma zen de ser. Mas, sim nas circunst\u00e2ncias que demarcam o momento pol\u00edtico baiano, o tal \u201cburaco negro\u201d que engoliu a oposi\u00e7\u00e3o, fato que acontece em epis\u00f3dios sazonais da pol\u00edtica-partid\u00e1ria, ou se quiserem para ficar mais perfeito, na sazonalidade da pol\u00edtica-descarada. Samuel Celestino (BN)<\/p>\n","protected":false},"excerpt":{"rendered":"<p>D\u00favidas n\u00e3o h\u00e1 de que o governador Jaques Wagner, detem, ao primeiro olhar, uma base de apoio muito al\u00e9m da razo\u00e1vel na Assembl\u00e9ia Legislativa. Mas, somente na primeira observa\u00e7\u00e3o, porque a segunda \u00e9 a que demarca com exatid\u00e3o os limites da sua base: n\u00e3o se trata de apoio pol\u00edtico, mas de abjeta fisiologia como lastro [&hellip;]<\/p>\n","protected":false},"author":2,"featured_media":0,"comment_status":"open","ping_status":"open","sticky":false,"template":"","format":"standard","meta":{"footnotes":"","_links_to":"","_links_to_target":""},"categories":[11],"tags":[],"class_list":["post-4434","post","type-post","status-publish","format-standard","hentry","category-quentinhas"],"views":1300,"_links":{"self":[{"href":"https:\/\/www.sudoestehoje.com.br\/novoportal\/wp-json\/wp\/v2\/posts\/4434","targetHints":{"allow":["GET"]}}],"collection":[{"href":"https:\/\/www.sudoestehoje.com.br\/novoportal\/wp-json\/wp\/v2\/posts"}],"about":[{"href":"https:\/\/www.sudoestehoje.com.br\/novoportal\/wp-json\/wp\/v2\/types\/post"}],"author":[{"embeddable":true,"href":"https:\/\/www.sudoestehoje.com.br\/novoportal\/wp-json\/wp\/v2\/users\/2"}],"replies":[{"embeddable":true,"href":"https:\/\/www.sudoestehoje.com.br\/novoportal\/wp-json\/wp\/v2\/comments?post=4434"}],"version-history":[{"count":2,"href":"https:\/\/www.sudoestehoje.com.br\/novoportal\/wp-json\/wp\/v2\/posts\/4434\/revisions"}],"predecessor-version":[{"id":4436,"href":"https:\/\/www.sudoestehoje.com.br\/novoportal\/wp-json\/wp\/v2\/posts\/4434\/revisions\/4436"}],"wp:attachment":[{"href":"https:\/\/www.sudoestehoje.com.br\/novoportal\/wp-json\/wp\/v2\/media?parent=4434"}],"wp:term":[{"taxonomy":"category","embeddable":true,"href":"https:\/\/www.sudoestehoje.com.br\/novoportal\/wp-json\/wp\/v2\/categories?post=4434"},{"taxonomy":"post_tag","embeddable":true,"href":"https:\/\/www.sudoestehoje.com.br\/novoportal\/wp-json\/wp\/v2\/tags?post=4434"}],"curies":[{"name":"wp","href":"https:\/\/api.w.org\/{rel}","templated":true}]}}