
{"id":44326,"date":"2014-11-08T16:29:29","date_gmt":"2014-11-08T19:29:29","guid":{"rendered":"http:\/\/www.sudoestehoje.com.br\/novoportal\/?p=44326"},"modified":"2014-11-08T16:34:46","modified_gmt":"2014-11-08T19:34:46","slug":"mec-diz-que-prova-do-enem-que-aparece-em-video-nas-redes-e-falso","status":"publish","type":"post","link":"https:\/\/www.sudoestehoje.com.br\/novoportal\/2014\/11\/08\/mec-diz-que-prova-do-enem-que-aparece-em-video-nas-redes-e-falso\/","title":{"rendered":"MEC DIZ QUE PROVA DO ENEM QUE APARECE EM V\u00cdDEO NAS REDES \u00c9 FALSA"},"content":{"rendered":"<p>Um v\u00eddeo compartilhado nas redes sociais neste s\u00e1bado (8) mostra uma suposta prova branca do primeiro dia do Exame Nacional do Ensino M\u00e9dio (Enem). Em sete segundos de imagens, a prova \u00e9 passada rapidamente e \u00e9 poss\u00edvel ver um mapa mundi e a foto de um beb\u00ea nas quest\u00f5es. O Minist\u00e9rio da Educa\u00e7\u00e3o (Mec) negou que a prova seja verdadeira por meio da assessoria de imprensa do Inep e disse ainda que a Pol\u00edcia Federal j\u00e1 apura o caso. Veja o v\u00eddeo:<\/p>\n<p>https:\/\/www.youtube.com\/watch?v=yZjycnbAORw<\/p>\n","protected":false},"excerpt":{"rendered":"<p>Um v\u00eddeo compartilhado nas redes sociais neste s\u00e1bado (8) mostra uma suposta prova branca do primeiro dia do Exame Nacional do Ensino M\u00e9dio (Enem). Em sete segundos de imagens, a prova \u00e9 passada rapidamente e \u00e9 poss\u00edvel ver um mapa mundi e a foto de um beb\u00ea nas quest\u00f5es. O Minist\u00e9rio da Educa\u00e7\u00e3o (Mec) negou [&hellip;]<\/p>\n","protected":false},"author":2,"featured_media":0,"comment_status":"open","ping_status":"open","sticky":false,"template":"","format":"standard","meta":{"footnotes":"","_links_to":"","_links_to_target":""},"categories":[1],"tags":[],"class_list":["post-44326","post","type-post","status-publish","format-standard","hentry","category-geral"],"views":1200,"_links":{"self":[{"href":"https:\/\/www.sudoestehoje.com.br\/novoportal\/wp-json\/wp\/v2\/posts\/44326","targetHints":{"allow":["GET"]}}],"collection":[{"href":"https:\/\/www.sudoestehoje.com.br\/novoportal\/wp-json\/wp\/v2\/posts"}],"about":[{"href":"https:\/\/www.sudoestehoje.com.br\/novoportal\/wp-json\/wp\/v2\/types\/post"}],"author":[{"embeddable":true,"href":"https:\/\/www.sudoestehoje.com.br\/novoportal\/wp-json\/wp\/v2\/users\/2"}],"replies":[{"embeddable":true,"href":"https:\/\/www.sudoestehoje.com.br\/novoportal\/wp-json\/wp\/v2\/comments?post=44326"}],"version-history":[{"count":2,"href":"https:\/\/www.sudoestehoje.com.br\/novoportal\/wp-json\/wp\/v2\/posts\/44326\/revisions"}],"predecessor-version":[{"id":44328,"href":"https:\/\/www.sudoestehoje.com.br\/novoportal\/wp-json\/wp\/v2\/posts\/44326\/revisions\/44328"}],"wp:attachment":[{"href":"https:\/\/www.sudoestehoje.com.br\/novoportal\/wp-json\/wp\/v2\/media?parent=44326"}],"wp:term":[{"taxonomy":"category","embeddable":true,"href":"https:\/\/www.sudoestehoje.com.br\/novoportal\/wp-json\/wp\/v2\/categories?post=44326"},{"taxonomy":"post_tag","embeddable":true,"href":"https:\/\/www.sudoestehoje.com.br\/novoportal\/wp-json\/wp\/v2\/tags?post=44326"}],"curies":[{"name":"wp","href":"https:\/\/api.w.org\/{rel}","templated":true}]}}