
{"id":44230,"date":"2014-11-05T16:11:18","date_gmt":"2014-11-05T19:11:18","guid":{"rendered":"http:\/\/www.sudoestehoje.com.br\/novoportal\/?p=44230"},"modified":"2014-11-05T16:11:18","modified_gmt":"2014-11-05T19:11:18","slug":"em-itarantim-a-creche-tia-geny-ganhou-um-novo-infocentro-infantil","status":"publish","type":"post","link":"https:\/\/www.sudoestehoje.com.br\/novoportal\/2014\/11\/05\/em-itarantim-a-creche-tia-geny-ganhou-um-novo-infocentro-infantil\/","title":{"rendered":"EM ITARANTIM, A CRECHE TIA GENY GANHOU UM NOVO INFOCENTRO INFANTIL"},"content":{"rendered":"<p><a href=\"http:\/\/www.sudoestehoje.com.br\/novoportal\/wp-content\/uploads\/2014\/11\/INFO-1.jpg\"><img loading=\"lazy\" decoding=\"async\" class=\"aligncenter size-medium wp-image-44232\" src=\"http:\/\/www.sudoestehoje.com.br\/novoportal\/wp-content\/uploads\/2014\/11\/INFO-1-500x331.jpg\" alt=\"INFO 1\" width=\"500\" height=\"331\" srcset=\"https:\/\/www.sudoestehoje.com.br\/novoportal\/wp-content\/uploads\/2014\/11\/INFO-1-500x331.jpg 500w, https:\/\/www.sudoestehoje.com.br\/novoportal\/wp-content\/uploads\/2014\/11\/INFO-1-700x463.jpg 700w, https:\/\/www.sudoestehoje.com.br\/novoportal\/wp-content\/uploads\/2014\/11\/INFO-1-150x99.jpg 150w, https:\/\/www.sudoestehoje.com.br\/novoportal\/wp-content\/uploads\/2014\/11\/INFO-1.jpg 1600w\" sizes=\"auto, (max-width: 500px) 100vw, 500px\" \/><\/a><\/p>\n<p>O Munic\u00edpio de Itarantim n\u00e3o para de investir na educa\u00e7\u00e3o e desta vez, a creche Tia Geny ganhou um Infocentro infantil, consolidando assim, o total empenho que o prefeito Dr. Paulo Fernandes tem feito em todas as \u00e1reas, beneficiando tanto o distrito de Ribeir\u00e3o do Salto e a zona rural.<\/p>\n<p><a href=\"http:\/\/www.sudoestehoje.com.br\/novoportal\/wp-content\/uploads\/2014\/11\/INFO-2.jpg\"><img loading=\"lazy\" decoding=\"async\" class=\"aligncenter size-medium wp-image-44233\" src=\"http:\/\/www.sudoestehoje.com.br\/novoportal\/wp-content\/uploads\/2014\/11\/INFO-2-500x334.jpg\" alt=\"INFO 2\" width=\"500\" height=\"334\" srcset=\"https:\/\/www.sudoestehoje.com.br\/novoportal\/wp-content\/uploads\/2014\/11\/INFO-2-500x334.jpg 500w, https:\/\/www.sudoestehoje.com.br\/novoportal\/wp-content\/uploads\/2014\/11\/INFO-2-700x468.jpg 700w, https:\/\/www.sudoestehoje.com.br\/novoportal\/wp-content\/uploads\/2014\/11\/INFO-2-150x100.jpg 150w, https:\/\/www.sudoestehoje.com.br\/novoportal\/wp-content\/uploads\/2014\/11\/INFO-2.jpg 1600w\" sizes=\"auto, (max-width: 500px) 100vw, 500px\" \/><\/a><\/p>\n<p>A inform\u00e1tica, como se sabe, est\u00e1 presente na vida de todas as pessoas, principalmente do homem moderno. Por isto, quando um gestor se preocupa com a inclus\u00e3o de todas as crian\u00e7as no aprendizado da informa\u00e7\u00e3o digital, ele est\u00e1 dizendo um sim para um futuro melhor, e com certeza, esse Infocentro far\u00e1 parte da vida e do sucesso de muitas de nossas crian\u00e7as. Itarantim uma cidade melhor para todos! Ascom<\/p>\n","protected":false},"excerpt":{"rendered":"<p>O Munic\u00edpio de Itarantim n\u00e3o para de investir na educa\u00e7\u00e3o e desta vez, a creche Tia Geny ganhou um Infocentro infantil, consolidando assim, o total empenho que o prefeito Dr. Paulo Fernandes tem feito em todas as \u00e1reas, beneficiando tanto o distrito de Ribeir\u00e3o do Salto e a zona rural. A inform\u00e1tica, como se sabe, [&hellip;]<\/p>\n","protected":false},"author":2,"featured_media":0,"comment_status":"open","ping_status":"open","sticky":false,"template":"","format":"standard","meta":{"footnotes":"","_links_to":"","_links_to_target":""},"categories":[1],"tags":[],"class_list":["post-44230","post","type-post","status-publish","format-standard","hentry","category-geral"],"views":2768,"_links":{"self":[{"href":"https:\/\/www.sudoestehoje.com.br\/novoportal\/wp-json\/wp\/v2\/posts\/44230","targetHints":{"allow":["GET"]}}],"collection":[{"href":"https:\/\/www.sudoestehoje.com.br\/novoportal\/wp-json\/wp\/v2\/posts"}],"about":[{"href":"https:\/\/www.sudoestehoje.com.br\/novoportal\/wp-json\/wp\/v2\/types\/post"}],"author":[{"embeddable":true,"href":"https:\/\/www.sudoestehoje.com.br\/novoportal\/wp-json\/wp\/v2\/users\/2"}],"replies":[{"embeddable":true,"href":"https:\/\/www.sudoestehoje.com.br\/novoportal\/wp-json\/wp\/v2\/comments?post=44230"}],"version-history":[{"count":2,"href":"https:\/\/www.sudoestehoje.com.br\/novoportal\/wp-json\/wp\/v2\/posts\/44230\/revisions"}],"predecessor-version":[{"id":44234,"href":"https:\/\/www.sudoestehoje.com.br\/novoportal\/wp-json\/wp\/v2\/posts\/44230\/revisions\/44234"}],"wp:attachment":[{"href":"https:\/\/www.sudoestehoje.com.br\/novoportal\/wp-json\/wp\/v2\/media?parent=44230"}],"wp:term":[{"taxonomy":"category","embeddable":true,"href":"https:\/\/www.sudoestehoje.com.br\/novoportal\/wp-json\/wp\/v2\/categories?post=44230"},{"taxonomy":"post_tag","embeddable":true,"href":"https:\/\/www.sudoestehoje.com.br\/novoportal\/wp-json\/wp\/v2\/tags?post=44230"}],"curies":[{"name":"wp","href":"https:\/\/api.w.org\/{rel}","templated":true}]}}