
{"id":44214,"date":"2014-11-05T09:17:42","date_gmt":"2014-11-05T12:17:42","guid":{"rendered":"http:\/\/www.sudoestehoje.com.br\/novoportal\/?p=44214"},"modified":"2014-11-05T09:17:42","modified_gmt":"2014-11-05T12:17:42","slug":"camara-investiga-rui-e-mais-dois-deputados-por-quebra-de-decoro","status":"publish","type":"post","link":"https:\/\/www.sudoestehoje.com.br\/novoportal\/2014\/11\/05\/camara-investiga-rui-e-mais-dois-deputados-por-quebra-de-decoro\/","title":{"rendered":"C\u00c2MARA INVESTIGA RUI E MAIS DOIS DEPUTADOS POR QUEBRA DE DECORO"},"content":{"rendered":"<p><a href=\"http:\/\/www.sudoestehoje.com.br\/novoportal\/wp-content\/uploads\/2014\/11\/rui-e-pelegrino-1024x399.jpg\"><img loading=\"lazy\" decoding=\"async\" class=\"aligncenter size-medium wp-image-44215\" src=\"http:\/\/www.sudoestehoje.com.br\/novoportal\/wp-content\/uploads\/2014\/11\/rui-e-pelegrino-1024x399-500x194.jpg\" alt=\"rui-e-pelegrino-1024x399\" width=\"500\" height=\"194\" srcset=\"https:\/\/www.sudoestehoje.com.br\/novoportal\/wp-content\/uploads\/2014\/11\/rui-e-pelegrino-1024x399-500x194.jpg 500w, https:\/\/www.sudoestehoje.com.br\/novoportal\/wp-content\/uploads\/2014\/11\/rui-e-pelegrino-1024x399-700x272.jpg 700w, https:\/\/www.sudoestehoje.com.br\/novoportal\/wp-content\/uploads\/2014\/11\/rui-e-pelegrino-1024x399-150x58.jpg 150w, https:\/\/www.sudoestehoje.com.br\/novoportal\/wp-content\/uploads\/2014\/11\/rui-e-pelegrino-1024x399.jpg 1024w\" sizes=\"auto, (max-width: 500px) 100vw, 500px\" \/><\/a><\/p>\n<p>O Conselho de \u00c9tica da C\u00e2mara dos Deputados instaurou ontem processos por quebra de decoro parlamentar contra os deputados federais baianos Afonso Florence, Nelson Pellegrino e o governador eleito Rui Costa, todos do PT da Bahia, por quebra de decoro parlamentar.<\/p>\n<p>As investiga\u00e7\u00f5es foram solicitadas pelas dire\u00e7\u00f5es nacionais do PSDB e do DEM ap\u00f3s a publica\u00e7\u00e3o de uma reportagem da Revista Veja, com acusa\u00e7\u00f5es da presidente do Instituto Brasil, Dalva Sele Paiva, de supostos desvios de recursos do Fundo de Combate \u00e0 Pobreza. Os tr\u00eas parlamentares tiveram os nomes citados pela revista.<\/p>\n<p>Na sess\u00e3o de ontem do Conselho de \u00c9tica foram sorteadas as listas tr\u00edplices para a escolha do relator nos tr\u00eas processos, que dever\u00e3o ser analisados isoladamente. Para Florence foram sorteados os deputados Zequinha Marinho (PSP-PA), Wladmir Costa (SD-PA) e Roberto Teixeira (PP-PE).<\/p>\n<p>Os sorteados para o processo de Nelson Pelegrino s\u00e3o Wladmir Costa (SD-PA), Marcos Rog\u00e9rio (PDT-RO) e Ronaldo Benedetti (PMDB-SC).\u00a0O processo de Rui Costa est\u00e1 entre Mauro Lopes (PMDB-MG), Zequinha Marinho (PSP-PA) e Ronaldo Benedetti (PMDB-SC).<\/p>\n<p>A expectativa \u00e9 que os relatores sejam definidos ainda hoje. Ap\u00f3s as escolhas dos tr\u00eas nomes, o prazo para apresentar um relat\u00f3rio preliminar ao Conselho de \u00c9tica \u00e9 de 20 dias corridos.<\/p>\n","protected":false},"excerpt":{"rendered":"<p>O Conselho de \u00c9tica da C\u00e2mara dos Deputados instaurou ontem processos por quebra de decoro parlamentar contra os deputados federais baianos Afonso Florence, Nelson Pellegrino e o governador eleito Rui Costa, todos do PT da Bahia, por quebra de decoro parlamentar. As investiga\u00e7\u00f5es foram solicitadas pelas dire\u00e7\u00f5es nacionais do PSDB e do DEM ap\u00f3s a [&hellip;]<\/p>\n","protected":false},"author":2,"featured_media":0,"comment_status":"open","ping_status":"open","sticky":false,"template":"","format":"standard","meta":{"footnotes":"","_links_to":"","_links_to_target":""},"categories":[1],"tags":[],"class_list":["post-44214","post","type-post","status-publish","format-standard","hentry","category-geral"],"views":1181,"_links":{"self":[{"href":"https:\/\/www.sudoestehoje.com.br\/novoportal\/wp-json\/wp\/v2\/posts\/44214","targetHints":{"allow":["GET"]}}],"collection":[{"href":"https:\/\/www.sudoestehoje.com.br\/novoportal\/wp-json\/wp\/v2\/posts"}],"about":[{"href":"https:\/\/www.sudoestehoje.com.br\/novoportal\/wp-json\/wp\/v2\/types\/post"}],"author":[{"embeddable":true,"href":"https:\/\/www.sudoestehoje.com.br\/novoportal\/wp-json\/wp\/v2\/users\/2"}],"replies":[{"embeddable":true,"href":"https:\/\/www.sudoestehoje.com.br\/novoportal\/wp-json\/wp\/v2\/comments?post=44214"}],"version-history":[{"count":1,"href":"https:\/\/www.sudoestehoje.com.br\/novoportal\/wp-json\/wp\/v2\/posts\/44214\/revisions"}],"predecessor-version":[{"id":44216,"href":"https:\/\/www.sudoestehoje.com.br\/novoportal\/wp-json\/wp\/v2\/posts\/44214\/revisions\/44216"}],"wp:attachment":[{"href":"https:\/\/www.sudoestehoje.com.br\/novoportal\/wp-json\/wp\/v2\/media?parent=44214"}],"wp:term":[{"taxonomy":"category","embeddable":true,"href":"https:\/\/www.sudoestehoje.com.br\/novoportal\/wp-json\/wp\/v2\/categories?post=44214"},{"taxonomy":"post_tag","embeddable":true,"href":"https:\/\/www.sudoestehoje.com.br\/novoportal\/wp-json\/wp\/v2\/tags?post=44214"}],"curies":[{"name":"wp","href":"https:\/\/api.w.org\/{rel}","templated":true}]}}