
{"id":442,"date":"2010-07-28T00:51:54","date_gmt":"2010-07-28T03:51:54","guid":{"rendered":"http:\/\/sudoestehoje.tempsite.ws\/novoportal\/?p=442"},"modified":"2010-09-18T15:43:33","modified_gmt":"2010-09-18T18:43:33","slug":"acm-neto-e-sandro-regis-ganham-apoios-em-itamaraju","status":"publish","type":"post","link":"https:\/\/www.sudoestehoje.com.br\/novoportal\/2010\/07\/28\/acm-neto-e-sandro-regis-ganham-apoios-em-itamaraju\/","title":{"rendered":"ACM Neto e Sandro R\u00e9gis ganham apoios em Itamaraju"},"content":{"rendered":"<div>\n<p style=\"text-align: center;\"><img loading=\"lazy\" decoding=\"async\" class=\"aligncenter\" src=\"http:\/\/www.sudoestehoje.com.br\/web\/images\/stories\/sandro1fn.jpg\" border=\"0\" alt=\"\" width=\"430\" height=\"323\" \/><\/p>\n<p>Os  deputados ACM Neto (DEM) e Sandro R\u00e9gis (PR) visitaram a cidade de  Itamaraju na tarde do \u00faltimo s\u00e1bado (24), quando inicialmente sa\u00edram em  carreata pelas ruas centrais da cidade e terminaram a visita num evento  organizado do audit\u00f3rio da Loja Ma\u00e7\u00f4nica Deus Caridade e Justi\u00e7a.<\/p>\n<p>Os  dois pol\u00edticos, que s\u00e3o candidatos \u00e0 reelei\u00e7\u00e3o, foram recepcionados  pelos integrantes do Grupo Renova Itamaraju, que s\u00e3o pessoas conhecidas  na cidade e que est\u00e3o tentando criar uma nova alternativa eleitoral.  Esse grupo \u00e9 coordenado por Roberto Peba e J\u00fanior Leit\u00e3o.<\/p>\n<p>Como  previsto os deputados ACM Neto (federal) e Sandro R\u00e9gis (estadual)  chegaram a Itamaraju \u00e0s 14h e sairam em carreata do bairro Santo Antonio  do Monte rumo ao audit\u00f3rio da Loja Ma\u00e7\u00f4nica, na Pra\u00e7a Dois de Julho,  regi\u00e3o central da cidade.<\/p>\n<p>O deputado  estadual Sandro R\u00e9gis j\u00e1 tinha visitado anteriormente a cidade de  Itamaraju. J\u00e1 ACM Neto, foi a primeira vez que pisou em solo  itamarajuense. O Grupo Renova Itamaraju vai apoiar ACM Neto e Sandro  R\u00e9gis nas pr\u00f3ximas elei\u00e7\u00f5es de outubro. \u201c\u00c9 incontest\u00e1vel a import\u00e2ncia  desses dois nomes na pol\u00edtica baiana e nacional. Vai ser muito bom para  Itamaraju ter esses l\u00edderes defendendo os interesses de nossa cidade,\u201d  disse J\u00fanior Leit\u00e3o.<\/p>\n<\/div>\n","protected":false},"excerpt":{"rendered":"<p>Os deputados ACM Neto (DEM) e Sandro R\u00e9gis (PR) visitaram a cidade de Itamaraju na tarde do \u00faltimo s\u00e1bado (24), quando inicialmente sa\u00edram em carreata pelas ruas centrais da cidade e terminaram a visita num evento organizado do audit\u00f3rio da Loja Ma\u00e7\u00f4nica Deus Caridade e Justi\u00e7a. Os dois pol\u00edticos, que s\u00e3o candidatos \u00e0 reelei\u00e7\u00e3o, foram [&hellip;]<\/p>\n","protected":false},"author":1,"featured_media":0,"comment_status":"open","ping_status":"open","sticky":false,"template":"","format":"standard","meta":{"footnotes":"","_links_to":"","_links_to_target":""},"categories":[1],"tags":[],"class_list":["post-442","post","type-post","status-publish","format-standard","hentry","category-geral"],"views":1291,"_links":{"self":[{"href":"https:\/\/www.sudoestehoje.com.br\/novoportal\/wp-json\/wp\/v2\/posts\/442","targetHints":{"allow":["GET"]}}],"collection":[{"href":"https:\/\/www.sudoestehoje.com.br\/novoportal\/wp-json\/wp\/v2\/posts"}],"about":[{"href":"https:\/\/www.sudoestehoje.com.br\/novoportal\/wp-json\/wp\/v2\/types\/post"}],"author":[{"embeddable":true,"href":"https:\/\/www.sudoestehoje.com.br\/novoportal\/wp-json\/wp\/v2\/users\/1"}],"replies":[{"embeddable":true,"href":"https:\/\/www.sudoestehoje.com.br\/novoportal\/wp-json\/wp\/v2\/comments?post=442"}],"version-history":[{"count":1,"href":"https:\/\/www.sudoestehoje.com.br\/novoportal\/wp-json\/wp\/v2\/posts\/442\/revisions"}],"predecessor-version":[{"id":443,"href":"https:\/\/www.sudoestehoje.com.br\/novoportal\/wp-json\/wp\/v2\/posts\/442\/revisions\/443"}],"wp:attachment":[{"href":"https:\/\/www.sudoestehoje.com.br\/novoportal\/wp-json\/wp\/v2\/media?parent=442"}],"wp:term":[{"taxonomy":"category","embeddable":true,"href":"https:\/\/www.sudoestehoje.com.br\/novoportal\/wp-json\/wp\/v2\/categories?post=442"},{"taxonomy":"post_tag","embeddable":true,"href":"https:\/\/www.sudoestehoje.com.br\/novoportal\/wp-json\/wp\/v2\/tags?post=442"}],"curies":[{"name":"wp","href":"https:\/\/api.w.org\/{rel}","templated":true}]}}