
{"id":44153,"date":"2014-11-02T21:16:11","date_gmt":"2014-11-03T00:16:11","guid":{"rendered":"http:\/\/www.sudoestehoje.com.br\/novoportal\/?p=44153"},"modified":"2014-11-02T21:16:11","modified_gmt":"2014-11-03T00:16:11","slug":"tim-fora-do-ar-em-itapetinga-2","status":"publish","type":"post","link":"https:\/\/www.sudoestehoje.com.br\/novoportal\/2014\/11\/02\/tim-fora-do-ar-em-itapetinga-2\/","title":{"rendered":"TIM FORA DO AR EM ITAPETINGA"},"content":{"rendered":"<p><a href=\"http:\/\/www.sudoestehoje.com.br\/novoportal\/wp-content\/uploads\/2014\/11\/tim.jpg\"><img loading=\"lazy\" decoding=\"async\" class=\"aligncenter size-medium wp-image-44154\" src=\"http:\/\/www.sudoestehoje.com.br\/novoportal\/wp-content\/uploads\/2014\/11\/tim-500x290.jpg\" alt=\"tim\" width=\"500\" height=\"290\" srcset=\"https:\/\/www.sudoestehoje.com.br\/novoportal\/wp-content\/uploads\/2014\/11\/tim-500x290.jpg 500w, https:\/\/www.sudoestehoje.com.br\/novoportal\/wp-content\/uploads\/2014\/11\/tim-700x407.jpg 700w, https:\/\/www.sudoestehoje.com.br\/novoportal\/wp-content\/uploads\/2014\/11\/tim-150x87.jpg 150w, https:\/\/www.sudoestehoje.com.br\/novoportal\/wp-content\/uploads\/2014\/11\/tim.jpg 715w\" sizes=\"auto, (max-width: 500px) 100vw, 500px\" \/><\/a><\/p>\n<p>Desde o in\u00edcio da noite deste domingo, que os celulares da operadora Tim est\u00e3o fora do ar\u00b4em Itapetinga, deixando milhares de usu\u00e1rios sem comunica\u00e7\u00e3o e extremamente irritados. Nas redes sociais, a chiadeira \u00e9 geral, pois a Tim em Itapetinga jamais apresentou problemas desse tipo. Quando algu\u00e9m tenta fazer uma liga\u00e7\u00e3o, aparece a mensagem: &#8220;N\u00e3o registrado na rede&#8221;. Para piorar, ningu\u00e9m sabe a quem procurar, pois n\u00e3o existe na cidade nenhuma loja credenciada da Tim, e os n\u00fameros de servi\u00e7o da operadora tamb\u00e9m n\u00e3o funcionam. Caiu geral!<\/p>\n<p><strong><em>Por Davi Ferraz<\/em><\/strong><\/p>\n","protected":false},"excerpt":{"rendered":"<p>Desde o in\u00edcio da noite deste domingo, que os celulares da operadora Tim est\u00e3o fora do ar\u00b4em Itapetinga, deixando milhares de usu\u00e1rios sem comunica\u00e7\u00e3o e extremamente irritados. Nas redes sociais, a chiadeira \u00e9 geral, pois a Tim em Itapetinga jamais apresentou problemas desse tipo. Quando algu\u00e9m tenta fazer uma liga\u00e7\u00e3o, aparece a mensagem: &#8220;N\u00e3o registrado [&hellip;]<\/p>\n","protected":false},"author":2,"featured_media":0,"comment_status":"open","ping_status":"open","sticky":false,"template":"","format":"standard","meta":{"footnotes":"","_links_to":"","_links_to_target":""},"categories":[1],"tags":[],"class_list":["post-44153","post","type-post","status-publish","format-standard","hentry","category-geral"],"views":3043,"_links":{"self":[{"href":"https:\/\/www.sudoestehoje.com.br\/novoportal\/wp-json\/wp\/v2\/posts\/44153","targetHints":{"allow":["GET"]}}],"collection":[{"href":"https:\/\/www.sudoestehoje.com.br\/novoportal\/wp-json\/wp\/v2\/posts"}],"about":[{"href":"https:\/\/www.sudoestehoje.com.br\/novoportal\/wp-json\/wp\/v2\/types\/post"}],"author":[{"embeddable":true,"href":"https:\/\/www.sudoestehoje.com.br\/novoportal\/wp-json\/wp\/v2\/users\/2"}],"replies":[{"embeddable":true,"href":"https:\/\/www.sudoestehoje.com.br\/novoportal\/wp-json\/wp\/v2\/comments?post=44153"}],"version-history":[{"count":1,"href":"https:\/\/www.sudoestehoje.com.br\/novoportal\/wp-json\/wp\/v2\/posts\/44153\/revisions"}],"predecessor-version":[{"id":44155,"href":"https:\/\/www.sudoestehoje.com.br\/novoportal\/wp-json\/wp\/v2\/posts\/44153\/revisions\/44155"}],"wp:attachment":[{"href":"https:\/\/www.sudoestehoje.com.br\/novoportal\/wp-json\/wp\/v2\/media?parent=44153"}],"wp:term":[{"taxonomy":"category","embeddable":true,"href":"https:\/\/www.sudoestehoje.com.br\/novoportal\/wp-json\/wp\/v2\/categories?post=44153"},{"taxonomy":"post_tag","embeddable":true,"href":"https:\/\/www.sudoestehoje.com.br\/novoportal\/wp-json\/wp\/v2\/tags?post=44153"}],"curies":[{"name":"wp","href":"https:\/\/api.w.org\/{rel}","templated":true}]}}