
{"id":44150,"date":"2014-11-02T19:42:29","date_gmt":"2014-11-02T22:42:29","guid":{"rendered":"http:\/\/www.sudoestehoje.com.br\/novoportal\/?p=44150"},"modified":"2014-11-02T19:42:29","modified_gmt":"2014-11-02T22:42:29","slug":"tentativa-de-compra-de-ap-de-r-23-milhoes-derrubou-patricia-poeta","status":"publish","type":"post","link":"https:\/\/www.sudoestehoje.com.br\/novoportal\/2014\/11\/02\/tentativa-de-compra-de-ap-de-r-23-milhoes-derrubou-patricia-poeta\/","title":{"rendered":"TENTATIVA DE COMPRA DE AP DE R$ 23 MILH\u00d5ES DERRUBOU PATR\u00cdCIA POETA"},"content":{"rendered":"<p><a href=\"http:\/\/www.sudoestehoje.com.br\/novoportal\/wp-content\/uploads\/2014\/11\/PATRICIA-POETA.jpg\"><img loading=\"lazy\" decoding=\"async\" class=\"aligncenter size-medium wp-image-44151\" src=\"http:\/\/www.sudoestehoje.com.br\/novoportal\/wp-content\/uploads\/2014\/11\/PATRICIA-POETA-500x281.jpg\" alt=\"PATRICIA POETA\" width=\"500\" height=\"281\" srcset=\"https:\/\/www.sudoestehoje.com.br\/novoportal\/wp-content\/uploads\/2014\/11\/PATRICIA-POETA-500x281.jpg 500w, https:\/\/www.sudoestehoje.com.br\/novoportal\/wp-content\/uploads\/2014\/11\/PATRICIA-POETA-150x84.jpg 150w, https:\/\/www.sudoestehoje.com.br\/novoportal\/wp-content\/uploads\/2014\/11\/PATRICIA-POETA.jpg 640w\" sizes=\"auto, (max-width: 500px) 100vw, 500px\" \/><\/a><\/p>\n<p>H\u00e1 consenso entre jornalistas de que Patr\u00edcia Poeta foi ir\u00f4nica com Willian Bonner, ao se despedir do Jornal Nacional, na \u00faltima sexta-feira. Durante a despedida, ela se referiu diversas vezes a Bonner como editor-chefe.<\/p>\n<p>H\u00e1 informa\u00e7\u00f5es de que o editor-chefe n\u00e3o facilitou a vida da apresentadora nos \u00faltimos tr\u00eas anos, quando ela substituiu sua mulher, F\u00e1tima Bernardes, na bancada. Por isso, ele \u00e9 apontado como um dos piv\u00f4s da queda de Patr\u00edcia, anunciada em setembro.<\/p>\n<p>Dois outros fatos teriam pesado na decis\u00e3o da Globo de afast\u00e1-la do JN: um suposto desempenho sofr\u00edvel nas rodadas de entrevistas com os presidenci\u00e1veis, em agosto, e a tentativa de comprar um apartamento de R$ 23 milh\u00f5es de um personagem envolvido em esc\u00e2ndalo pol\u00edtico.<\/p>\n<p>Oficialmente, a Globo diz que a sa\u00edda de Patr\u00edcia Poeta do JN, agora em 2014, j\u00e1 estava acertada desde que ela foi promovida para a bancada, em dezembro de 2011.<\/p>\n","protected":false},"excerpt":{"rendered":"<p>H\u00e1 consenso entre jornalistas de que Patr\u00edcia Poeta foi ir\u00f4nica com Willian Bonner, ao se despedir do Jornal Nacional, na \u00faltima sexta-feira. Durante a despedida, ela se referiu diversas vezes a Bonner como editor-chefe. H\u00e1 informa\u00e7\u00f5es de que o editor-chefe n\u00e3o facilitou a vida da apresentadora nos \u00faltimos tr\u00eas anos, quando ela substituiu sua mulher, [&hellip;]<\/p>\n","protected":false},"author":2,"featured_media":0,"comment_status":"open","ping_status":"open","sticky":false,"template":"","format":"standard","meta":{"footnotes":"","_links_to":"","_links_to_target":""},"categories":[1],"tags":[],"class_list":["post-44150","post","type-post","status-publish","format-standard","hentry","category-geral"],"views":1949,"_links":{"self":[{"href":"https:\/\/www.sudoestehoje.com.br\/novoportal\/wp-json\/wp\/v2\/posts\/44150","targetHints":{"allow":["GET"]}}],"collection":[{"href":"https:\/\/www.sudoestehoje.com.br\/novoportal\/wp-json\/wp\/v2\/posts"}],"about":[{"href":"https:\/\/www.sudoestehoje.com.br\/novoportal\/wp-json\/wp\/v2\/types\/post"}],"author":[{"embeddable":true,"href":"https:\/\/www.sudoestehoje.com.br\/novoportal\/wp-json\/wp\/v2\/users\/2"}],"replies":[{"embeddable":true,"href":"https:\/\/www.sudoestehoje.com.br\/novoportal\/wp-json\/wp\/v2\/comments?post=44150"}],"version-history":[{"count":1,"href":"https:\/\/www.sudoestehoje.com.br\/novoportal\/wp-json\/wp\/v2\/posts\/44150\/revisions"}],"predecessor-version":[{"id":44152,"href":"https:\/\/www.sudoestehoje.com.br\/novoportal\/wp-json\/wp\/v2\/posts\/44150\/revisions\/44152"}],"wp:attachment":[{"href":"https:\/\/www.sudoestehoje.com.br\/novoportal\/wp-json\/wp\/v2\/media?parent=44150"}],"wp:term":[{"taxonomy":"category","embeddable":true,"href":"https:\/\/www.sudoestehoje.com.br\/novoportal\/wp-json\/wp\/v2\/categories?post=44150"},{"taxonomy":"post_tag","embeddable":true,"href":"https:\/\/www.sudoestehoje.com.br\/novoportal\/wp-json\/wp\/v2\/tags?post=44150"}],"curies":[{"name":"wp","href":"https:\/\/api.w.org\/{rel}","templated":true}]}}