
{"id":44147,"date":"2014-11-02T19:32:39","date_gmt":"2014-11-02T22:32:39","guid":{"rendered":"http:\/\/www.sudoestehoje.com.br\/novoportal\/?p=44147"},"modified":"2014-11-02T19:32:39","modified_gmt":"2014-11-02T22:32:39","slug":"imbassahy-diz-que-nunca-ouviu-falar-no-presidente-do-pt-de-salvador","status":"publish","type":"post","link":"https:\/\/www.sudoestehoje.com.br\/novoportal\/2014\/11\/02\/imbassahy-diz-que-nunca-ouviu-falar-no-presidente-do-pt-de-salvador\/","title":{"rendered":"IMBASSAHY DIZ QUE NUNCA OUVIU FALAR NO PRESIDENTE DO PT DE SALVADOR"},"content":{"rendered":"<p><a href=\"http:\/\/www.sudoestehoje.com.br\/novoportal\/wp-content\/uploads\/2014\/11\/IMBASSAHY.jpg\"><img loading=\"lazy\" decoding=\"async\" class=\"aligncenter size-medium wp-image-44148\" src=\"http:\/\/www.sudoestehoje.com.br\/novoportal\/wp-content\/uploads\/2014\/11\/IMBASSAHY-500x271.jpg\" alt=\"IMBASSAHY\" width=\"500\" height=\"271\" srcset=\"https:\/\/www.sudoestehoje.com.br\/novoportal\/wp-content\/uploads\/2014\/11\/IMBASSAHY-500x271.jpg 500w, https:\/\/www.sudoestehoje.com.br\/novoportal\/wp-content\/uploads\/2014\/11\/IMBASSAHY-150x81.jpg 150w, https:\/\/www.sudoestehoje.com.br\/novoportal\/wp-content\/uploads\/2014\/11\/IMBASSAHY.jpg 590w\" sizes=\"auto, (max-width: 500px) 100vw, 500px\" \/><\/a><\/p>\n<p>O l\u00edder do PSDB na C\u00e2mara, Antonio Imbassahy, ironizou hoje os ataques dirigidos contra ele pelo presidente do PT de Salvador, Edson Valadares. O parlamentar disse acreditar que \u201co que esteja preocupando esse cidad\u00e3o, de quem nunca ouviu falar, sejam as investiga\u00e7\u00f5es e o desmantelamento da organiza\u00e7\u00e3o criminosa montada pelo seu partido na Petrobr\u00e1s. \u201c\u00c9 uma quadrilha voraz, com fortes ind\u00edcios de ramifica\u00e7\u00f5es na Bahia, assaltantes que saquearam a estatal, insaci\u00e1veis ao ponto de superfaturar at\u00e9 a compra de mandioca\u201d dispara.<\/p>\n<p>Imbassahy lembra uma pequena parte da sua trajet\u00f3ria pol\u00edtica: \u201cfoi seguidamente avaliado como o melhor prefeito do Brasil; com apenas um mandato \u00e9 reconhecidamente uma das vozes mais atuantes na C\u00e2mara dos Deputados, tendo ascendido o posto de l\u00edder partid\u00e1rio, e que nas \u00faltimas elei\u00e7\u00f5es foi o deputado federal mais bem votado de Salvador, obtendo quase o dobro da vota\u00e7\u00e3o do candidato petista que recebeu mais votos na capital baiana\u201d. \u201cVamos seguir avan\u00e7ando nas investiga\u00e7\u00f5es, alertando a popula\u00e7\u00e3o sobre as roubalheiras ocorridas na Petrobras sob as ben\u00e7\u00f5es do governo petista\u201d, avisou.<\/p>\n","protected":false},"excerpt":{"rendered":"<p>O l\u00edder do PSDB na C\u00e2mara, Antonio Imbassahy, ironizou hoje os ataques dirigidos contra ele pelo presidente do PT de Salvador, Edson Valadares. O parlamentar disse acreditar que \u201co que esteja preocupando esse cidad\u00e3o, de quem nunca ouviu falar, sejam as investiga\u00e7\u00f5es e o desmantelamento da organiza\u00e7\u00e3o criminosa montada pelo seu partido na Petrobr\u00e1s. \u201c\u00c9 [&hellip;]<\/p>\n","protected":false},"author":2,"featured_media":0,"comment_status":"open","ping_status":"open","sticky":false,"template":"","format":"standard","meta":{"footnotes":"","_links_to":"","_links_to_target":""},"categories":[1],"tags":[],"class_list":["post-44147","post","type-post","status-publish","format-standard","hentry","category-geral"],"views":1083,"_links":{"self":[{"href":"https:\/\/www.sudoestehoje.com.br\/novoportal\/wp-json\/wp\/v2\/posts\/44147","targetHints":{"allow":["GET"]}}],"collection":[{"href":"https:\/\/www.sudoestehoje.com.br\/novoportal\/wp-json\/wp\/v2\/posts"}],"about":[{"href":"https:\/\/www.sudoestehoje.com.br\/novoportal\/wp-json\/wp\/v2\/types\/post"}],"author":[{"embeddable":true,"href":"https:\/\/www.sudoestehoje.com.br\/novoportal\/wp-json\/wp\/v2\/users\/2"}],"replies":[{"embeddable":true,"href":"https:\/\/www.sudoestehoje.com.br\/novoportal\/wp-json\/wp\/v2\/comments?post=44147"}],"version-history":[{"count":1,"href":"https:\/\/www.sudoestehoje.com.br\/novoportal\/wp-json\/wp\/v2\/posts\/44147\/revisions"}],"predecessor-version":[{"id":44149,"href":"https:\/\/www.sudoestehoje.com.br\/novoportal\/wp-json\/wp\/v2\/posts\/44147\/revisions\/44149"}],"wp:attachment":[{"href":"https:\/\/www.sudoestehoje.com.br\/novoportal\/wp-json\/wp\/v2\/media?parent=44147"}],"wp:term":[{"taxonomy":"category","embeddable":true,"href":"https:\/\/www.sudoestehoje.com.br\/novoportal\/wp-json\/wp\/v2\/categories?post=44147"},{"taxonomy":"post_tag","embeddable":true,"href":"https:\/\/www.sudoestehoje.com.br\/novoportal\/wp-json\/wp\/v2\/tags?post=44147"}],"curies":[{"name":"wp","href":"https:\/\/api.w.org\/{rel}","templated":true}]}}