
{"id":44132,"date":"2014-11-01T18:47:11","date_gmt":"2014-11-01T21:47:11","guid":{"rendered":"http:\/\/www.sudoestehoje.com.br\/novoportal\/?p=44132"},"modified":"2014-11-01T18:47:11","modified_gmt":"2014-11-01T21:47:11","slug":"protesto-contra-dilma-reune-milhares-de-manifestantes-em-sao-paulo","status":"publish","type":"post","link":"https:\/\/www.sudoestehoje.com.br\/novoportal\/2014\/11\/01\/protesto-contra-dilma-reune-milhares-de-manifestantes-em-sao-paulo\/","title":{"rendered":"PROTESTO CONTRA DILMA RE\u00daNE MILHARES DE MANIFESTANTES EM S\u00c3O PAULO"},"content":{"rendered":"<p><a href=\"http:\/\/www.sudoestehoje.com.br\/novoportal\/wp-content\/uploads\/2014\/11\/protesto-contra-PT.jpg\"><img loading=\"lazy\" decoding=\"async\" class=\"aligncenter size-medium wp-image-44133\" src=\"http:\/\/www.sudoestehoje.com.br\/novoportal\/wp-content\/uploads\/2014\/11\/protesto-contra-PT-500x333.jpg\" alt=\"protesto contra PT\" width=\"500\" height=\"333\" srcset=\"https:\/\/www.sudoestehoje.com.br\/novoportal\/wp-content\/uploads\/2014\/11\/protesto-contra-PT-500x333.jpg 500w, https:\/\/www.sudoestehoje.com.br\/novoportal\/wp-content\/uploads\/2014\/11\/protesto-contra-PT-700x466.jpg 700w, https:\/\/www.sudoestehoje.com.br\/novoportal\/wp-content\/uploads\/2014\/11\/protesto-contra-PT-150x100.jpg 150w, https:\/\/www.sudoestehoje.com.br\/novoportal\/wp-content\/uploads\/2014\/11\/protesto-contra-PT.jpg 960w\" sizes=\"auto, (max-width: 500px) 100vw, 500px\" \/><\/a><\/p>\n<p><strong><em>Folha<\/em><\/strong><\/p>\n<p>O protesto a favor do impeachment da presidente Dilma Rousseff (PT), promovido neste s\u00e1bado (1\u00ba) na capital paulista, terminou de maneira pac\u00edfica, sem ocorr\u00eancias policiais. A vias que foram interditadas para a passagem dos manifestantes, cerca de 2.500 segundo a Pol\u00edcia Militar, foram liberadas no final da tarde.<\/p>\n<p>O ato foi convocado por meio das redes sociais e teve in\u00edcio na avenida Paulista, em frente ao MASP (Museu de Arte de S\u00e3o Paulo). A caminhada seguiu pela avenida Brigadeiro Lu\u00edz Ant\u00f4nio at\u00e9 o Monumento \u00e0s Bandeiras, pr\u00f3ximo ao parque Ibirapuera.<\/p>\n<p>&#8220;Boa tarde, rea\u00e7as&#8221;, cumprimentou ao microfone o empres\u00e1rio Paulo Martins, que foi candidato a deputado federal pelo PSC neste ano no Paran\u00e1. &#8220;\u00c9 ineg\u00e1vel que o PT constr\u00f3i uma ditadura no pa\u00eds&#8221;, acrescentou, sob fortes aplausos do grupo, que depois seguiu em caminhada.<\/p>\n<p>Com uma bandeira do Brasil sobre os ombros, o cantor Lob\u00e3o defendeu a recontagem dos votos das elei\u00e7\u00f5es presidenciais e negou que o movimento tenha como prop\u00f3sito dar um novo golpe militar no pa\u00eds. &#8220;N\u00e3o tem ningu\u00e9m aqui golpista&#8221;, disse ao microfone.<!--more--><\/p>\n<p>A caminhada foi marcada tamb\u00e9m por provoca\u00e7\u00f5es entre simpatizantes da esquerda e da direita. Alguns moradores de pr\u00e9dios da regi\u00e3o estenderam nas janelas camisetas vermelhas e bandeira da campanha da presidente.<\/p>\n<p>&#8220;Vai para Cuba&#8221;, gritaram os manifestantes em resposta. Eles fecharam uma das faixas da avenida, onde vendedores ambulantes ofereciam camisetas dizendo &#8220;impeachment j\u00e1&#8221;.<\/p>\n<p>Al\u00e9m de pedirem o impeachment da petista, parte dos manifestantes defendeu um novo golpe militar no pa\u00eds<\/p>\n<p>&#8220;\u00c9 necess\u00e1ria a volta do militarismo. O que voc\u00eas chamam de democracia \u00e9 esse governo que est\u00e1 a\u00ed?&#8221;, criticou o investigador de pol\u00edcia S\u00e9rgio Salgi, 46, que carregava cartaz com o pedido &#8220;SOS For\u00e7as Armadas&#8221;<\/p>\n<p>Os manifestantes diziam que o resultado das elei\u00e7\u00f5es deste ano de ser a &#8220;maior fraude da hist\u00f3ria&#8221; e o PT de ser &#8220;o c\u00e2ncer do Brasil&#8221;. &#8220;P\u00e9 na bunda dela [presidente], o Brasil n\u00e3o \u00e9 a Venezuela&#8221;, gritaram.<\/p>\n<p>Sob aplausos, o deputado federal eleito Eduardo Bolsonaro (PSC-SP), filho do deputado federal Jair Bolsonaro (PP-RJ), foi apresentado ao microfone como &#8220;algu\u00e9m de uma fam\u00edlia que vem lutando muito pelo Brasil&#8221;.<\/p>\n<p>Em discurso, o parlamentar disse que, se seu pai fosse candidato a presidente, ele teria &#8220;fuzilado&#8221; a presidente. Segundo ele, Jair Bolsonaro ser\u00e1 candidato em 2018 &#8220;mesmo que tenha de mudar de partido&#8221;.<\/p>\n<p>No microfone, o perito Ricardo Molina tamb\u00e9m acusou ter havido fraude no resultado das elei\u00e7\u00f5es presidenciais deste ano. &#8220;As urnas foram fraudadas, qualquer um que n\u00e3o seja analfabeto sabe disso&#8221;, criticou.<\/p>\n<p>Ao final da caminhada, j\u00e1 pr\u00f3ximo ao Monumento \u00e0s Bandeiras, houve uma amea\u00e7a de racha entre favor\u00e1veis e contr\u00e1rios \u00e0 interven\u00e7\u00e3o militar<\/p>\n<p>Alguns manifestantes que participaram da concentra\u00e7\u00e3o na avenida Paulista subiram em um segundo carro de som, que aguardava pr\u00f3ximo ao parque Ibirapuera, e iniciaram uma discuss\u00e3o com o primeiro ve\u00edculo, que participou de toda a caminhada.<\/p>\n<p>&#8220;Ningu\u00e9m \u00e9 a favor de golpe&#8221;, respondeu Lob\u00e3o, no primeiro carro.<\/p>\n<p>&nbsp;<\/p>\n","protected":false},"excerpt":{"rendered":"<p>Folha O protesto a favor do impeachment da presidente Dilma Rousseff (PT), promovido neste s\u00e1bado (1\u00ba) na capital paulista, terminou de maneira pac\u00edfica, sem ocorr\u00eancias policiais. A vias que foram interditadas para a passagem dos manifestantes, cerca de 2.500 segundo a Pol\u00edcia Militar, foram liberadas no final da tarde. O ato foi convocado por meio [&hellip;]<\/p>\n","protected":false},"author":2,"featured_media":0,"comment_status":"open","ping_status":"open","sticky":false,"template":"","format":"standard","meta":{"footnotes":"","_links_to":"","_links_to_target":""},"categories":[1],"tags":[],"class_list":["post-44132","post","type-post","status-publish","format-standard","hentry","category-geral"],"views":2334,"_links":{"self":[{"href":"https:\/\/www.sudoestehoje.com.br\/novoportal\/wp-json\/wp\/v2\/posts\/44132","targetHints":{"allow":["GET"]}}],"collection":[{"href":"https:\/\/www.sudoestehoje.com.br\/novoportal\/wp-json\/wp\/v2\/posts"}],"about":[{"href":"https:\/\/www.sudoestehoje.com.br\/novoportal\/wp-json\/wp\/v2\/types\/post"}],"author":[{"embeddable":true,"href":"https:\/\/www.sudoestehoje.com.br\/novoportal\/wp-json\/wp\/v2\/users\/2"}],"replies":[{"embeddable":true,"href":"https:\/\/www.sudoestehoje.com.br\/novoportal\/wp-json\/wp\/v2\/comments?post=44132"}],"version-history":[{"count":2,"href":"https:\/\/www.sudoestehoje.com.br\/novoportal\/wp-json\/wp\/v2\/posts\/44132\/revisions"}],"predecessor-version":[{"id":44135,"href":"https:\/\/www.sudoestehoje.com.br\/novoportal\/wp-json\/wp\/v2\/posts\/44132\/revisions\/44135"}],"wp:attachment":[{"href":"https:\/\/www.sudoestehoje.com.br\/novoportal\/wp-json\/wp\/v2\/media?parent=44132"}],"wp:term":[{"taxonomy":"category","embeddable":true,"href":"https:\/\/www.sudoestehoje.com.br\/novoportal\/wp-json\/wp\/v2\/categories?post=44132"},{"taxonomy":"post_tag","embeddable":true,"href":"https:\/\/www.sudoestehoje.com.br\/novoportal\/wp-json\/wp\/v2\/tags?post=44132"}],"curies":[{"name":"wp","href":"https:\/\/api.w.org\/{rel}","templated":true}]}}