
{"id":44125,"date":"2014-11-01T10:44:13","date_gmt":"2014-11-01T13:44:13","guid":{"rendered":"http:\/\/www.sudoestehoje.com.br\/novoportal\/?p=44125"},"modified":"2014-11-01T10:44:13","modified_gmt":"2014-11-01T13:44:13","slug":"saiu-no-blog-do-claudio-humberto","status":"publish","type":"post","link":"https:\/\/www.sudoestehoje.com.br\/novoportal\/2014\/11\/01\/saiu-no-blog-do-claudio-humberto\/","title":{"rendered":"SAIU NO BLOG DO CL\u00c1UDIO HUMBERTO"},"content":{"rendered":"<p><a href=\"http:\/\/www.sudoestehoje.com.br\/novoportal\/wp-content\/uploads\/2014\/11\/site-logo.jpg\"><img loading=\"lazy\" decoding=\"async\" class=\"wp-image-44126 alignleft\" src=\"http:\/\/www.sudoestehoje.com.br\/novoportal\/wp-content\/uploads\/2014\/11\/site-logo.jpg\" alt=\"site-logo\" width=\"93\" height=\"116\" srcset=\"https:\/\/www.sudoestehoje.com.br\/novoportal\/wp-content\/uploads\/2014\/11\/site-logo.jpg 182w, https:\/\/www.sudoestehoje.com.br\/novoportal\/wp-content\/uploads\/2014\/11\/site-logo-121x150.jpg 121w\" sizes=\"auto, (max-width: 93px) 100vw, 93px\" \/><\/a><\/p>\n<p><em>&#8220;WAGNER, O GABRIELLI II, \u00c9 COTADO PARA A PETROBRAS: Parece at\u00e9 que o Planalto achou insuficiente a tr\u00e1gica gest\u00e3o de S\u00e9rgio Gabrielli na presid\u00eancia da Petrobras, per\u00edodo em que o esquema do Petrol\u00e3o nasceu para promover um dos maiores roubos da Hist\u00f3ria, pelas m\u00e3os de uma quadrilha denunciada pela Pol\u00edcia Federal. Outro ex-sindicalista pode assumir a presid\u00eancia da maior estatal brasileira: o ainda governador da Bahia Jaques Wagner. Ningu\u00e9m merece&#8221;.<\/em><\/p>\n","protected":false},"excerpt":{"rendered":"<p>&#8220;WAGNER, O GABRIELLI II, \u00c9 COTADO PARA A PETROBRAS: Parece at\u00e9 que o Planalto achou insuficiente a tr\u00e1gica gest\u00e3o de S\u00e9rgio Gabrielli na presid\u00eancia da Petrobras, per\u00edodo em que o esquema do Petrol\u00e3o nasceu para promover um dos maiores roubos da Hist\u00f3ria, pelas m\u00e3os de uma quadrilha denunciada pela Pol\u00edcia Federal. Outro ex-sindicalista pode assumir [&hellip;]<\/p>\n","protected":false},"author":2,"featured_media":0,"comment_status":"open","ping_status":"open","sticky":false,"template":"","format":"standard","meta":{"footnotes":"","_links_to":"","_links_to_target":""},"categories":[1],"tags":[],"class_list":["post-44125","post","type-post","status-publish","format-standard","hentry","category-geral"],"views":1209,"_links":{"self":[{"href":"https:\/\/www.sudoestehoje.com.br\/novoportal\/wp-json\/wp\/v2\/posts\/44125","targetHints":{"allow":["GET"]}}],"collection":[{"href":"https:\/\/www.sudoestehoje.com.br\/novoportal\/wp-json\/wp\/v2\/posts"}],"about":[{"href":"https:\/\/www.sudoestehoje.com.br\/novoportal\/wp-json\/wp\/v2\/types\/post"}],"author":[{"embeddable":true,"href":"https:\/\/www.sudoestehoje.com.br\/novoportal\/wp-json\/wp\/v2\/users\/2"}],"replies":[{"embeddable":true,"href":"https:\/\/www.sudoestehoje.com.br\/novoportal\/wp-json\/wp\/v2\/comments?post=44125"}],"version-history":[{"count":5,"href":"https:\/\/www.sudoestehoje.com.br\/novoportal\/wp-json\/wp\/v2\/posts\/44125\/revisions"}],"predecessor-version":[{"id":44131,"href":"https:\/\/www.sudoestehoje.com.br\/novoportal\/wp-json\/wp\/v2\/posts\/44125\/revisions\/44131"}],"wp:attachment":[{"href":"https:\/\/www.sudoestehoje.com.br\/novoportal\/wp-json\/wp\/v2\/media?parent=44125"}],"wp:term":[{"taxonomy":"category","embeddable":true,"href":"https:\/\/www.sudoestehoje.com.br\/novoportal\/wp-json\/wp\/v2\/categories?post=44125"},{"taxonomy":"post_tag","embeddable":true,"href":"https:\/\/www.sudoestehoje.com.br\/novoportal\/wp-json\/wp\/v2\/tags?post=44125"}],"curies":[{"name":"wp","href":"https:\/\/api.w.org\/{rel}","templated":true}]}}