
{"id":44116,"date":"2014-10-31T21:16:45","date_gmt":"2014-11-01T00:16:45","guid":{"rendered":"http:\/\/www.sudoestehoje.com.br\/novoportal\/?p=44116"},"modified":"2014-10-31T21:21:48","modified_gmt":"2014-11-01T00:21:48","slug":"empresario-marco-galvao-quer-realizar-brega-light-em-conquista","status":"publish","type":"post","link":"https:\/\/www.sudoestehoje.com.br\/novoportal\/2014\/10\/31\/empresario-marco-galvao-quer-realizar-brega-light-em-conquista\/","title":{"rendered":"EMPRES\u00c1RIO MARCOS GALV\u00c3O QUER REALIZAR BREGA LIGHT EM CONQUISTA"},"content":{"rendered":"<p><a href=\"http:\/\/www.sudoestehoje.com.br\/novoportal\/wp-content\/uploads\/2014\/10\/marcos-g.jpg\"><img loading=\"lazy\" decoding=\"async\" class=\"aligncenter size-medium wp-image-44117\" src=\"http:\/\/www.sudoestehoje.com.br\/novoportal\/wp-content\/uploads\/2014\/10\/marcos-g-500x333.jpg\" alt=\"marcos g\" width=\"500\" height=\"333\" srcset=\"https:\/\/www.sudoestehoje.com.br\/novoportal\/wp-content\/uploads\/2014\/10\/marcos-g-500x333.jpg 500w, https:\/\/www.sudoestehoje.com.br\/novoportal\/wp-content\/uploads\/2014\/10\/marcos-g-150x100.jpg 150w, https:\/\/www.sudoestehoje.com.br\/novoportal\/wp-content\/uploads\/2014\/10\/marcos-g.jpg 600w\" sizes=\"auto, (max-width: 500px) 100vw, 500px\" \/><\/a><\/p>\n<p>Em Vit\u00f3ria da Conquista, nesta quinta-feira (30), o empres\u00e1rio Marcos Galv\u00e3o, realizador da festa junina Brega Light, revelou o seu desejo de atuar no mercado festivo conquistense, onde pretende realizar uma vers\u00e3o de ver\u00e3o &#8216;Brega Light&#8217;.<\/p>\n<p><em>\u201cPensamos em projetos futuros para Vit\u00f3ria da Conquista, obviamente que respeitamos espa\u00e7o de todos os produtores locais, mas a gente come\u00e7a a analisar o mercado e de repente lan\u00e7ar o projeto para futuramente fazer o Brega Light de Ver\u00e3o neste nosso segundo maior p\u00fablico\u201d,<\/em> comentou.<\/p>\n<p>Realizado com sucesso h\u00e1 doze anos em Ibicu\u00ed, o Brega Light fixou como um dos eventos mais disputados do S\u00e3o Jo\u00e3o da Bahia, com atra\u00e7\u00f5es de alto n\u00edvel e dezenas de milhares de frequentadores, todos os anos.<\/p>\n<p>PLANO POL\u00cdTICO<\/p>\n<p>No plano pol\u00edtico, Marcos Galv\u00e3o confirmou que pretende voltar a disputar a prefeitura de Ibicu\u00ed, onde obteve 47,46% dos votos na \u00faltima elei\u00e7\u00e3o, ficando com a 2\u00aa coloca\u00e7\u00e3o.<\/p>\n<p>Coincidentemente, o nome do seu pai, o vereador Alfredo Cabral de Assis (PSD), figura entre os mais cotados para disputar a sucess\u00e3o municipal em Itapetinga, em 2016.<\/p>\n","protected":false},"excerpt":{"rendered":"<p>Em Vit\u00f3ria da Conquista, nesta quinta-feira (30), o empres\u00e1rio Marcos Galv\u00e3o, realizador da festa junina Brega Light, revelou o seu desejo de atuar no mercado festivo conquistense, onde pretende realizar uma vers\u00e3o de ver\u00e3o &#8216;Brega Light&#8217;. \u201cPensamos em projetos futuros para Vit\u00f3ria da Conquista, obviamente que respeitamos espa\u00e7o de todos os produtores locais, mas a [&hellip;]<\/p>\n","protected":false},"author":2,"featured_media":0,"comment_status":"open","ping_status":"open","sticky":false,"template":"","format":"standard","meta":{"footnotes":"","_links_to":"","_links_to_target":""},"categories":[1],"tags":[],"class_list":["post-44116","post","type-post","status-publish","format-standard","hentry","category-geral"],"views":2959,"_links":{"self":[{"href":"https:\/\/www.sudoestehoje.com.br\/novoportal\/wp-json\/wp\/v2\/posts\/44116","targetHints":{"allow":["GET"]}}],"collection":[{"href":"https:\/\/www.sudoestehoje.com.br\/novoportal\/wp-json\/wp\/v2\/posts"}],"about":[{"href":"https:\/\/www.sudoestehoje.com.br\/novoportal\/wp-json\/wp\/v2\/types\/post"}],"author":[{"embeddable":true,"href":"https:\/\/www.sudoestehoje.com.br\/novoportal\/wp-json\/wp\/v2\/users\/2"}],"replies":[{"embeddable":true,"href":"https:\/\/www.sudoestehoje.com.br\/novoportal\/wp-json\/wp\/v2\/comments?post=44116"}],"version-history":[{"count":3,"href":"https:\/\/www.sudoestehoje.com.br\/novoportal\/wp-json\/wp\/v2\/posts\/44116\/revisions"}],"predecessor-version":[{"id":44120,"href":"https:\/\/www.sudoestehoje.com.br\/novoportal\/wp-json\/wp\/v2\/posts\/44116\/revisions\/44120"}],"wp:attachment":[{"href":"https:\/\/www.sudoestehoje.com.br\/novoportal\/wp-json\/wp\/v2\/media?parent=44116"}],"wp:term":[{"taxonomy":"category","embeddable":true,"href":"https:\/\/www.sudoestehoje.com.br\/novoportal\/wp-json\/wp\/v2\/categories?post=44116"},{"taxonomy":"post_tag","embeddable":true,"href":"https:\/\/www.sudoestehoje.com.br\/novoportal\/wp-json\/wp\/v2\/tags?post=44116"}],"curies":[{"name":"wp","href":"https:\/\/api.w.org\/{rel}","templated":true}]}}