
{"id":44090,"date":"2014-10-30T22:11:19","date_gmt":"2014-10-31T01:11:19","guid":{"rendered":"http:\/\/www.sudoestehoje.com.br\/novoportal\/?p=44090"},"modified":"2014-10-30T22:27:42","modified_gmt":"2014-10-31T01:27:42","slug":"rui-quer-privatizar-a-cesta-do-povo","status":"publish","type":"post","link":"https:\/\/www.sudoestehoje.com.br\/novoportal\/2014\/10\/30\/rui-quer-privatizar-a-cesta-do-povo\/","title":{"rendered":"RUI QUER ACABAR COM A CESTA DO POVO"},"content":{"rendered":"<p><a href=\"http:\/\/www.sudoestehoje.com.br\/novoportal\/wp-content\/uploads\/2014\/10\/CESTA-DO-POVO1.jpg\"><img loading=\"lazy\" decoding=\"async\" class=\"aligncenter size-medium wp-image-44091\" src=\"http:\/\/www.sudoestehoje.com.br\/novoportal\/wp-content\/uploads\/2014\/10\/CESTA-DO-POVO1-500x320.jpg\" alt=\"CESTA DO POVO\" width=\"500\" height=\"320\" srcset=\"https:\/\/www.sudoestehoje.com.br\/novoportal\/wp-content\/uploads\/2014\/10\/CESTA-DO-POVO1-500x320.jpg 500w, https:\/\/www.sudoestehoje.com.br\/novoportal\/wp-content\/uploads\/2014\/10\/CESTA-DO-POVO1-700x448.jpg 700w, https:\/\/www.sudoestehoje.com.br\/novoportal\/wp-content\/uploads\/2014\/10\/CESTA-DO-POVO1-150x96.jpg 150w, https:\/\/www.sudoestehoje.com.br\/novoportal\/wp-content\/uploads\/2014\/10\/CESTA-DO-POVO1.jpg 1600w\" sizes=\"auto, (max-width: 500px) 100vw, 500px\" \/><\/a><\/p>\n<p>Rui Costa, governador eleito, disse ontem n\u00e3o considerar correto o investimento de dinheiro p\u00fablico na Empresa Baiana de Alimentos (Ebal), que administra as lojas da Cesta do Povo.<\/p>\n<p>Durante o an\u00fancio da equipe de transi\u00e7\u00e3o de governo, Rui disse que encomendou estudo para que a Ebal se torne autossustent\u00e1vel. N\u00e3o deixou claro se privatizar\u00e1 a Cesta do Povo, que foi encontrada em 2007 com um rombo superior a R$ 600 milh\u00f5es. A fala de Rui deu margem a boatos, alguns deles diziam que o novo governador acabar\u00e1 com a Cesta do Povo.<\/p>\n<p>A possibilidade de extin\u00e7\u00e3o da Cesta \u2013 se boato ou n\u00e3o \u2013 j\u00e1 provoca rea\u00e7\u00f5es em Buerarema. L\u00e1, existem loja da Cesta do Povo e uma central de distribui\u00e7\u00e3o da empresa, que geram em torno de 200 empregos diretos e indiretos. Quem apoiou Rui, j\u00e1 era alvo de \u201celogios\u201d desde ontem \u00e0 noite, quando veiculada entrevista na TV Bahia, aventando a possibilidade da Cesta poder\u00e1 ser extinta.<\/p>\n","protected":false},"excerpt":{"rendered":"<p>Rui Costa, governador eleito, disse ontem n\u00e3o considerar correto o investimento de dinheiro p\u00fablico na Empresa Baiana de Alimentos (Ebal), que administra as lojas da Cesta do Povo. Durante o an\u00fancio da equipe de transi\u00e7\u00e3o de governo, Rui disse que encomendou estudo para que a Ebal se torne autossustent\u00e1vel. N\u00e3o deixou claro se privatizar\u00e1 a [&hellip;]<\/p>\n","protected":false},"author":2,"featured_media":0,"comment_status":"open","ping_status":"open","sticky":false,"template":"","format":"standard","meta":{"footnotes":"","_links_to":"","_links_to_target":""},"categories":[1],"tags":[],"class_list":["post-44090","post","type-post","status-publish","format-standard","hentry","category-geral"],"views":3340,"_links":{"self":[{"href":"https:\/\/www.sudoestehoje.com.br\/novoportal\/wp-json\/wp\/v2\/posts\/44090","targetHints":{"allow":["GET"]}}],"collection":[{"href":"https:\/\/www.sudoestehoje.com.br\/novoportal\/wp-json\/wp\/v2\/posts"}],"about":[{"href":"https:\/\/www.sudoestehoje.com.br\/novoportal\/wp-json\/wp\/v2\/types\/post"}],"author":[{"embeddable":true,"href":"https:\/\/www.sudoestehoje.com.br\/novoportal\/wp-json\/wp\/v2\/users\/2"}],"replies":[{"embeddable":true,"href":"https:\/\/www.sudoestehoje.com.br\/novoportal\/wp-json\/wp\/v2\/comments?post=44090"}],"version-history":[{"count":4,"href":"https:\/\/www.sudoestehoje.com.br\/novoportal\/wp-json\/wp\/v2\/posts\/44090\/revisions"}],"predecessor-version":[{"id":44095,"href":"https:\/\/www.sudoestehoje.com.br\/novoportal\/wp-json\/wp\/v2\/posts\/44090\/revisions\/44095"}],"wp:attachment":[{"href":"https:\/\/www.sudoestehoje.com.br\/novoportal\/wp-json\/wp\/v2\/media?parent=44090"}],"wp:term":[{"taxonomy":"category","embeddable":true,"href":"https:\/\/www.sudoestehoje.com.br\/novoportal\/wp-json\/wp\/v2\/categories?post=44090"},{"taxonomy":"post_tag","embeddable":true,"href":"https:\/\/www.sudoestehoje.com.br\/novoportal\/wp-json\/wp\/v2\/tags?post=44090"}],"curies":[{"name":"wp","href":"https:\/\/api.w.org\/{rel}","templated":true}]}}