
{"id":44060,"date":"2014-10-30T17:32:43","date_gmt":"2014-10-30T20:32:43","guid":{"rendered":"http:\/\/www.sudoestehoje.com.br\/novoportal\/?p=44060"},"modified":"2014-10-30T17:32:43","modified_gmt":"2014-10-30T20:32:43","slug":"acm-neto-pode-se-filiar-ao-pmdb","status":"publish","type":"post","link":"https:\/\/www.sudoestehoje.com.br\/novoportal\/2014\/10\/30\/acm-neto-pode-se-filiar-ao-pmdb\/","title":{"rendered":"ACM NETO PODE SE FILIAR AO PMDB"},"content":{"rendered":"<p><a href=\"http:\/\/www.sudoestehoje.com.br\/novoportal\/wp-content\/uploads\/2014\/10\/neto3.jpg\"><img loading=\"lazy\" decoding=\"async\" class=\"aligncenter  wp-image-44061\" src=\"http:\/\/www.sudoestehoje.com.br\/novoportal\/wp-content\/uploads\/2014\/10\/neto3.jpg\" alt=\"neto3\" width=\"459\" height=\"305\" srcset=\"https:\/\/www.sudoestehoje.com.br\/novoportal\/wp-content\/uploads\/2014\/10\/neto3.jpg 400w, https:\/\/www.sudoestehoje.com.br\/novoportal\/wp-content\/uploads\/2014\/10\/neto3-150x99.jpg 150w\" sizes=\"auto, (max-width: 459px) 100vw, 459px\" \/><\/a><\/p>\n<p>Segundo o site Bahia Not\u00edcias, o prefeito de Salvador, ACM Neto, cogita uma virtual migra\u00e7\u00e3o para o PMDB. A conversa tomou corpo ap\u00f3s declara\u00e7\u00e3o do presidente nacional do DEM, Jos\u00e9 Agripino Maia (RN), considerar que \u201ch\u00e1 perspectivas\u201d de a legenda se fundir com outras nos pr\u00f3ximos meses.<\/p>\n<p>O deputado L\u00facio Vieira Lima, que com o irm\u00e3o Geddel Vieira Lima comandam o PMDB na Bahia, disse que se ACM Neto desejar ingressar no partido, na medida em que o DEM experimenta dificuldades para sobreviver, ser\u00e1 bem vindo. \u201cO interesse da legenda \u00e9 manter-se numa postura de crescimento. Sempre.\u201d<\/p>\n<p>O PMDB, com apoio de eventuais emigrantes do DEM, conseguiria ent\u00e3o um n\u00famero de deputados maior que o PT e n\u00e3o precisaria de maiores desgastes para controlar a C\u00e2mara. J\u00e1 o DEM, que ter\u00e1 uma bancada reduzida \u00e0 metade nesta elei\u00e7\u00e3o em compara\u00e7\u00e3o \u00e0 de 2010, pretende ganhar mais for\u00e7a.<\/p>\n<p>No entanto, Agripino Maia afirma que essa fus\u00e3o n\u00e3o est\u00e1 na pauta \u201cneste momento\u201d. J\u00e1 ACM Neto vem dando ind\u00edcios de descontentamento com os rumos do DEM. Antes da elei\u00e7\u00e3o deste ano, o prefeito sugeriu que o partido poderia se fundir com outro para criar uma estrutura mais forte na C\u00e2mara Federal.<\/p>\n","protected":false},"excerpt":{"rendered":"<p>Segundo o site Bahia Not\u00edcias, o prefeito de Salvador, ACM Neto, cogita uma virtual migra\u00e7\u00e3o para o PMDB. A conversa tomou corpo ap\u00f3s declara\u00e7\u00e3o do presidente nacional do DEM, Jos\u00e9 Agripino Maia (RN), considerar que \u201ch\u00e1 perspectivas\u201d de a legenda se fundir com outras nos pr\u00f3ximos meses. O deputado L\u00facio Vieira Lima, que com o [&hellip;]<\/p>\n","protected":false},"author":2,"featured_media":0,"comment_status":"open","ping_status":"open","sticky":false,"template":"","format":"standard","meta":{"footnotes":"","_links_to":"","_links_to_target":""},"categories":[1],"tags":[],"class_list":["post-44060","post","type-post","status-publish","format-standard","hentry","category-geral"],"views":2111,"_links":{"self":[{"href":"https:\/\/www.sudoestehoje.com.br\/novoportal\/wp-json\/wp\/v2\/posts\/44060","targetHints":{"allow":["GET"]}}],"collection":[{"href":"https:\/\/www.sudoestehoje.com.br\/novoportal\/wp-json\/wp\/v2\/posts"}],"about":[{"href":"https:\/\/www.sudoestehoje.com.br\/novoportal\/wp-json\/wp\/v2\/types\/post"}],"author":[{"embeddable":true,"href":"https:\/\/www.sudoestehoje.com.br\/novoportal\/wp-json\/wp\/v2\/users\/2"}],"replies":[{"embeddable":true,"href":"https:\/\/www.sudoestehoje.com.br\/novoportal\/wp-json\/wp\/v2\/comments?post=44060"}],"version-history":[{"count":1,"href":"https:\/\/www.sudoestehoje.com.br\/novoportal\/wp-json\/wp\/v2\/posts\/44060\/revisions"}],"predecessor-version":[{"id":44062,"href":"https:\/\/www.sudoestehoje.com.br\/novoportal\/wp-json\/wp\/v2\/posts\/44060\/revisions\/44062"}],"wp:attachment":[{"href":"https:\/\/www.sudoestehoje.com.br\/novoportal\/wp-json\/wp\/v2\/media?parent=44060"}],"wp:term":[{"taxonomy":"category","embeddable":true,"href":"https:\/\/www.sudoestehoje.com.br\/novoportal\/wp-json\/wp\/v2\/categories?post=44060"},{"taxonomy":"post_tag","embeddable":true,"href":"https:\/\/www.sudoestehoje.com.br\/novoportal\/wp-json\/wp\/v2\/tags?post=44060"}],"curies":[{"name":"wp","href":"https:\/\/api.w.org\/{rel}","templated":true}]}}