
{"id":4403,"date":"2011-04-16T00:18:53","date_gmt":"2011-04-16T03:18:53","guid":{"rendered":"http:\/\/www.sudoestehoje.com.br\/novoportal\/?p=4403"},"modified":"2011-04-16T00:18:53","modified_gmt":"2011-04-16T03:18:53","slug":"jcm-e-o-ogro-mitologico","status":"publish","type":"post","link":"https:\/\/www.sudoestehoje.com.br\/novoportal\/2011\/04\/16\/jcm-e-o-ogro-mitologico\/","title":{"rendered":"JCM E O OGRO MITOL\u00d3GICO"},"content":{"rendered":"<p style=\"text-align: center;\"><img decoding=\"async\" class=\"aligncenter\" src=\"http:\/\/tatianna.zip.net\/images\/st04.jpg\" alt=\"\" \/><\/p>\n<p style=\"text-align: center;\"><em><strong>O ogro Shrek e seus &#8216;competentes&#8217;\u00a0assessores<\/strong><\/em><\/p>\n<p>\u00a0<\/p>\n<p>O <strong><em>&#8216;Coment\u00e1rio Destaque&#8217;<\/em><\/strong> desta semana, do leitor que se identifica por<em><strong>\u00a0&#8216;Zeilton&#8217;<\/strong><\/em>,\u00a0\u00e9 muito interessante e criativo. Leia na \u00edntegra:<\/p>\n<p><em>&#8220;Ouvindo as emissoras de r\u00e1dio, lendo alguns post neste e outros blogs, dando conta o sumi\u00e7o do prefeito Jos\u00e9 Carlos Moura dos locais p\u00fablicos da cidade, mormente \u00e0queles promovidos pela sociedade organizada, como empres\u00e1rios, esportistas, movimentos religiosos e associa\u00e7\u00e3o de moradores da cidade, palco sagrado da democracia participativa, lembrei-me da figura mitol\u00f3gica apavorante do \u201cOgro\u201d, que assim como o alcaide, n\u00e3o gosta de se comunicar, se isola, e de prefer\u00eancia, vive no mato na floresta, n\u00e3o muito afeito ao conv\u00edvio social. <\/em><\/p>\n<p><em>No entanto, h\u00e1 uma diferen\u00e7a entre o \u201cOgro\u201d da mitologia, retratado nas hist\u00f3rias infant\u00eds, para o \u201cOgro\u201d da p\u00f3s-modernidade, sediado na Pra\u00e7a Deiry Walley, eleito prefeito de Itapetinga na \u00faltimas elei\u00e7\u00f5es, que deve ser considerada. Diferente da figura mitol\u00f3gica, ao inv\u00e9s da Floresta, dos locais soturnos, o nosso Ermit\u00e3o, se assim prefere denomin\u00e1-lo, prefere se homiziar no conforto de sua bela propriedade rural \u00e0 beira do rio pardo, rodeado dos seus s\u00e9quitos, e longe dos seus s\u00faditos, e mais distante ainda do clamor popular, que ecoa de todos os lados da cidade, apontando a inefici\u00eancia do seu governo em todos os setores, e decis\u00f5es administrativas nada republicanas, que v\u00e3o de encontro aos bons manuais de \u00e9tica. <\/em><\/p>\n<p><em>O gigante mitol\u00f3gico, \u00e9 simplesmente uma personagem lend\u00e1ria que permeia a imagina\u00e7\u00e3o infantil, cujo esc\u00f4po \u00e9 despertar na crian\u00e7a o seu imagin\u00e1rio, atrav\u00e9s de uma leitura cheia de signficados. Simbolismo que inflizmente n\u00e3o encontramos no parad\u00edgma apresentado. Aqui, o personagem \u00e9 real. N\u00e3o foi constru\u00eddo por nenhuma fic\u00e7\u00e3o, ele brotou de um momento de histeria popular, que num ato de inc\u00faria e rebeldia contra os detentores do poder, escolheu entre os contendores do pleito, propositadamente, \u00e0quele, que para muitos \u2013 e hoje se confirma \u2013 n\u00e3o tinha aptid\u00e3o para gerir \u00e0 coisa p\u00fablica. <\/em><\/p>\n<p><em>O seu distanciamento do embate pol\u00edtico, motivado por um passivo administrativo, que, em raz\u00e3o do tempo que falta para encerrar a sua gest\u00e3o, pouco mais de um ano, dificilmente ser\u00e1 cumprido, criando, por conseguinte, um caminho prop\u00edcio para o crescimento das oposi\u00e7\u00f5es, que j\u00e1 est\u00e3o procurando resolver as suas diferen\u00e7as paroquais para a batalha de 2012, que se avizinha. <\/em><\/p>\n<p><em>Ao buscar nas hostes carlistas, um nome que pudesse colocar um ponto final no ciclo do michelismo e do carlismo \u00e0 frente do munic\u00edpio, o PT, encurta a sua vida \u00fatil, e interrompe o seu projeto de poder, programado, para, no m\u00ednimo, 20 anos. Zeilton.&#8221;<\/em><\/p>\n","protected":false},"excerpt":{"rendered":"<p>O ogro Shrek e seus &#8216;competentes&#8217;\u00a0assessores \u00a0 O &#8216;Coment\u00e1rio Destaque&#8217; desta semana, do leitor que se identifica por\u00a0&#8216;Zeilton&#8217;,\u00a0\u00e9 muito interessante e criativo. Leia na \u00edntegra: &#8220;Ouvindo as emissoras de r\u00e1dio, lendo alguns post neste e outros blogs, dando conta o sumi\u00e7o do prefeito Jos\u00e9 Carlos Moura dos locais p\u00fablicos da cidade, mormente \u00e0queles promovidos pela [&hellip;]<\/p>\n","protected":false},"author":2,"featured_media":0,"comment_status":"open","ping_status":"open","sticky":false,"template":"","format":"standard","meta":{"footnotes":"","_links_to":"","_links_to_target":""},"categories":[1],"tags":[],"class_list":["post-4403","post","type-post","status-publish","format-standard","hentry","category-geral"],"views":2514,"_links":{"self":[{"href":"https:\/\/www.sudoestehoje.com.br\/novoportal\/wp-json\/wp\/v2\/posts\/4403","targetHints":{"allow":["GET"]}}],"collection":[{"href":"https:\/\/www.sudoestehoje.com.br\/novoportal\/wp-json\/wp\/v2\/posts"}],"about":[{"href":"https:\/\/www.sudoestehoje.com.br\/novoportal\/wp-json\/wp\/v2\/types\/post"}],"author":[{"embeddable":true,"href":"https:\/\/www.sudoestehoje.com.br\/novoportal\/wp-json\/wp\/v2\/users\/2"}],"replies":[{"embeddable":true,"href":"https:\/\/www.sudoestehoje.com.br\/novoportal\/wp-json\/wp\/v2\/comments?post=4403"}],"version-history":[{"count":6,"href":"https:\/\/www.sudoestehoje.com.br\/novoportal\/wp-json\/wp\/v2\/posts\/4403\/revisions"}],"predecessor-version":[{"id":4409,"href":"https:\/\/www.sudoestehoje.com.br\/novoportal\/wp-json\/wp\/v2\/posts\/4403\/revisions\/4409"}],"wp:attachment":[{"href":"https:\/\/www.sudoestehoje.com.br\/novoportal\/wp-json\/wp\/v2\/media?parent=4403"}],"wp:term":[{"taxonomy":"category","embeddable":true,"href":"https:\/\/www.sudoestehoje.com.br\/novoportal\/wp-json\/wp\/v2\/categories?post=4403"},{"taxonomy":"post_tag","embeddable":true,"href":"https:\/\/www.sudoestehoje.com.br\/novoportal\/wp-json\/wp\/v2\/tags?post=4403"}],"curies":[{"name":"wp","href":"https:\/\/api.w.org\/{rel}","templated":true}]}}