
{"id":44020,"date":"2014-10-29T00:12:18","date_gmt":"2014-10-29T03:12:18","guid":{"rendered":"http:\/\/www.sudoestehoje.com.br\/novoportal\/?p=44020"},"modified":"2014-10-29T00:12:18","modified_gmt":"2014-10-29T03:12:18","slug":"conquista-mpf-apura-abandono-de-ambulancias-do-samu-192","status":"publish","type":"post","link":"https:\/\/www.sudoestehoje.com.br\/novoportal\/2014\/10\/29\/conquista-mpf-apura-abandono-de-ambulancias-do-samu-192\/","title":{"rendered":"CONQUISTA: MPF APURA ABANDONO DE AMBUL\u00c2NCIAS DO SAMU-192"},"content":{"rendered":"<p><a href=\"http:\/\/www.sudoestehoje.com.br\/novoportal\/wp-content\/uploads\/2014\/10\/samu-conquista.jpg\"><img loading=\"lazy\" decoding=\"async\" class=\"aligncenter size-medium wp-image-44021\" src=\"http:\/\/www.sudoestehoje.com.br\/novoportal\/wp-content\/uploads\/2014\/10\/samu-conquista-500x271.jpg\" alt=\"samu conquista\" width=\"500\" height=\"271\" srcset=\"https:\/\/www.sudoestehoje.com.br\/novoportal\/wp-content\/uploads\/2014\/10\/samu-conquista-500x271.jpg 500w, https:\/\/www.sudoestehoje.com.br\/novoportal\/wp-content\/uploads\/2014\/10\/samu-conquista-150x81.jpg 150w, https:\/\/www.sudoestehoje.com.br\/novoportal\/wp-content\/uploads\/2014\/10\/samu-conquista.jpg 590w\" sizes=\"auto, (max-width: 500px) 100vw, 500px\" \/><\/a><\/p>\n<p>O Minist\u00e9rio P\u00fablico Federal (MPF) em Vit\u00f3ria da Conquista est\u00e1 apurando o abandono e deteriora\u00e7\u00e3o de ambul\u00e2ncias do Samu (Servi\u00e7o de Atendimento M\u00f3vel de Urg\u00eancia), estacionadas na Central de Equipamentos (Deserg) da Prefeitura do munic\u00edpio.<\/p>\n<p>A situa\u00e7\u00e3o chegou ao conhecimento do \u00f3rg\u00e3o por meio de not\u00edcia veiculada na imprensa local. Na quinta-feira, 24 de outubro, o MPF visitou a Deserg com o intuito de identificar o estado de conserva\u00e7\u00e3o das ambul\u00e2ncias. Verificou-se que havia 12 ve\u00edculos no local, sendo 11 do Samu e uma unidade m\u00f3vel de sa\u00fade oriunda de conv\u00eanio com o Minist\u00e9rio da Sa\u00fade, todas em estado de abandono e deteriora\u00e7\u00e3o. Apenas sete possu\u00edam placa.<\/p>\n<p>Diante da situa\u00e7\u00e3o, o procurador da Rep\u00fablica Andr\u00e9 Viana, que atua na regi\u00e3o, expediu of\u00edcio para a prefeitura do munic\u00edpio de Vit\u00f3ria da Conquista para que sejam prestados os devidos esclarecimentos sobre o estado de conserva\u00e7\u00e3o das ambul\u00e2ncias, no prazo de dez dias. O MPF solicitou, ainda, c\u00f3pia dos conv\u00eanios ou repasses federais para aquisi\u00e7\u00e3o dos ve\u00edculos e dos documentos dos autom\u00f3veis parados.<\/p>\n","protected":false},"excerpt":{"rendered":"<p>O Minist\u00e9rio P\u00fablico Federal (MPF) em Vit\u00f3ria da Conquista est\u00e1 apurando o abandono e deteriora\u00e7\u00e3o de ambul\u00e2ncias do Samu (Servi\u00e7o de Atendimento M\u00f3vel de Urg\u00eancia), estacionadas na Central de Equipamentos (Deserg) da Prefeitura do munic\u00edpio. A situa\u00e7\u00e3o chegou ao conhecimento do \u00f3rg\u00e3o por meio de not\u00edcia veiculada na imprensa local. Na quinta-feira, 24 de outubro, [&hellip;]<\/p>\n","protected":false},"author":2,"featured_media":0,"comment_status":"open","ping_status":"open","sticky":false,"template":"","format":"standard","meta":{"footnotes":"","_links_to":"","_links_to_target":""},"categories":[1],"tags":[],"class_list":["post-44020","post","type-post","status-publish","format-standard","hentry","category-geral"],"views":2283,"_links":{"self":[{"href":"https:\/\/www.sudoestehoje.com.br\/novoportal\/wp-json\/wp\/v2\/posts\/44020","targetHints":{"allow":["GET"]}}],"collection":[{"href":"https:\/\/www.sudoestehoje.com.br\/novoportal\/wp-json\/wp\/v2\/posts"}],"about":[{"href":"https:\/\/www.sudoestehoje.com.br\/novoportal\/wp-json\/wp\/v2\/types\/post"}],"author":[{"embeddable":true,"href":"https:\/\/www.sudoestehoje.com.br\/novoportal\/wp-json\/wp\/v2\/users\/2"}],"replies":[{"embeddable":true,"href":"https:\/\/www.sudoestehoje.com.br\/novoportal\/wp-json\/wp\/v2\/comments?post=44020"}],"version-history":[{"count":1,"href":"https:\/\/www.sudoestehoje.com.br\/novoportal\/wp-json\/wp\/v2\/posts\/44020\/revisions"}],"predecessor-version":[{"id":44022,"href":"https:\/\/www.sudoestehoje.com.br\/novoportal\/wp-json\/wp\/v2\/posts\/44020\/revisions\/44022"}],"wp:attachment":[{"href":"https:\/\/www.sudoestehoje.com.br\/novoportal\/wp-json\/wp\/v2\/media?parent=44020"}],"wp:term":[{"taxonomy":"category","embeddable":true,"href":"https:\/\/www.sudoestehoje.com.br\/novoportal\/wp-json\/wp\/v2\/categories?post=44020"},{"taxonomy":"post_tag","embeddable":true,"href":"https:\/\/www.sudoestehoje.com.br\/novoportal\/wp-json\/wp\/v2\/tags?post=44020"}],"curies":[{"name":"wp","href":"https:\/\/api.w.org\/{rel}","templated":true}]}}