
{"id":44003,"date":"2014-10-28T18:30:33","date_gmt":"2014-10-28T21:30:33","guid":{"rendered":"http:\/\/www.sudoestehoje.com.br\/novoportal\/?p=44003"},"modified":"2014-10-28T18:30:33","modified_gmt":"2014-10-28T21:30:33","slug":"mensaleiro-ze-dirceu-sai-da-cadeia","status":"publish","type":"post","link":"https:\/\/www.sudoestehoje.com.br\/novoportal\/2014\/10\/28\/mensaleiro-ze-dirceu-sai-da-cadeia\/","title":{"rendered":"MENSALEIRO Z\u00c9 DIRCEU SAI DA CADEIA"},"content":{"rendered":"<p><a href=\"http:\/\/www.sudoestehoje.com.br\/novoportal\/wp-content\/uploads\/2014\/10\/jose_dirceu_vaquinha_370.jpg\"><img loading=\"lazy\" decoding=\"async\" class=\"wp-image-44004 alignleft\" src=\"http:\/\/www.sudoestehoje.com.br\/novoportal\/wp-content\/uploads\/2014\/10\/jose_dirceu_vaquinha_370.jpg\" alt=\"jose_dirceu_vaquinha_370\" width=\"271\" height=\"259\" srcset=\"https:\/\/www.sudoestehoje.com.br\/novoportal\/wp-content\/uploads\/2014\/10\/jose_dirceu_vaquinha_370.jpg 370w, https:\/\/www.sudoestehoje.com.br\/novoportal\/wp-content\/uploads\/2014\/10\/jose_dirceu_vaquinha_370-150x143.jpg 150w\" sizes=\"auto, (max-width: 271px) 100vw, 271px\" \/><\/a><\/p>\n<p>O ministro Lu\u00eds Roberto Barroso, do Supremo Tribunal Federal (STF), autorizou nesta ter\u00e7a-feira (28) que o ex-ministro da Casa Civil Jos\u00e9 Dirceu, condenado no processo do mensal\u00e3o, passe a cumprir em casa a pena a ele imposta.<\/p>\n<p>Condenado a 7 anos e 11 meses de pris\u00e3o, Dirceu cumpre a pena desde 15 de novembro do ano passado no regime semiaberto, em que tem permiss\u00e3o para sair durante o dia para trabalhar em um escrit\u00f3rio de advocacia e retornar \u00e0 noite para a pris\u00e3o.<\/p>\n<p>Com a progress\u00e3o de regime, autorizada hoje por Barroso, ele ter\u00e1 direito a cumprir a pena no regime aberto.\u00a0Pela legisla\u00e7\u00e3o penal, condenados ao regime aberto devem cumprir pena em casa do albergado. Como esse tipo de estabelecimento n\u00e3o existe em Bras\u00edlia, os presos s\u00e3o autorizados a cumprir o restante da pena em casa.<\/p>\n<p>A decis\u00e3o j\u00e1 havia sido tomada desde a semana passada, mas acabou sendo adiada pelo ministro do STF, para n\u00e3o &#8216;interferir&#8217; no resultado da elei\u00e7\u00e3o. Barroso foi nomeado por Dilma para ocupar uma vaga no Supremo.<\/p>\n","protected":false},"excerpt":{"rendered":"<p>O ministro Lu\u00eds Roberto Barroso, do Supremo Tribunal Federal (STF), autorizou nesta ter\u00e7a-feira (28) que o ex-ministro da Casa Civil Jos\u00e9 Dirceu, condenado no processo do mensal\u00e3o, passe a cumprir em casa a pena a ele imposta. Condenado a 7 anos e 11 meses de pris\u00e3o, Dirceu cumpre a pena desde 15 de novembro do [&hellip;]<\/p>\n","protected":false},"author":2,"featured_media":0,"comment_status":"open","ping_status":"open","sticky":false,"template":"","format":"standard","meta":{"footnotes":"","_links_to":"","_links_to_target":""},"categories":[1],"tags":[],"class_list":["post-44003","post","type-post","status-publish","format-standard","hentry","category-geral"],"views":1348,"_links":{"self":[{"href":"https:\/\/www.sudoestehoje.com.br\/novoportal\/wp-json\/wp\/v2\/posts\/44003","targetHints":{"allow":["GET"]}}],"collection":[{"href":"https:\/\/www.sudoestehoje.com.br\/novoportal\/wp-json\/wp\/v2\/posts"}],"about":[{"href":"https:\/\/www.sudoestehoje.com.br\/novoportal\/wp-json\/wp\/v2\/types\/post"}],"author":[{"embeddable":true,"href":"https:\/\/www.sudoestehoje.com.br\/novoportal\/wp-json\/wp\/v2\/users\/2"}],"replies":[{"embeddable":true,"href":"https:\/\/www.sudoestehoje.com.br\/novoportal\/wp-json\/wp\/v2\/comments?post=44003"}],"version-history":[{"count":2,"href":"https:\/\/www.sudoestehoje.com.br\/novoportal\/wp-json\/wp\/v2\/posts\/44003\/revisions"}],"predecessor-version":[{"id":44006,"href":"https:\/\/www.sudoestehoje.com.br\/novoportal\/wp-json\/wp\/v2\/posts\/44003\/revisions\/44006"}],"wp:attachment":[{"href":"https:\/\/www.sudoestehoje.com.br\/novoportal\/wp-json\/wp\/v2\/media?parent=44003"}],"wp:term":[{"taxonomy":"category","embeddable":true,"href":"https:\/\/www.sudoestehoje.com.br\/novoportal\/wp-json\/wp\/v2\/categories?post=44003"},{"taxonomy":"post_tag","embeddable":true,"href":"https:\/\/www.sudoestehoje.com.br\/novoportal\/wp-json\/wp\/v2\/tags?post=44003"}],"curies":[{"name":"wp","href":"https:\/\/api.w.org\/{rel}","templated":true}]}}