
{"id":43990,"date":"2014-10-28T00:44:59","date_gmt":"2014-10-28T03:44:59","guid":{"rendered":"http:\/\/www.sudoestehoje.com.br\/novoportal\/?p=43990"},"modified":"2014-10-28T01:53:37","modified_gmt":"2014-10-28T04:53:37","slug":"dilma-foi-mais-bem-votada-no-sul-e-sudeste-que-no-norte-e-nordeste","status":"publish","type":"post","link":"https:\/\/www.sudoestehoje.com.br\/novoportal\/2014\/10\/28\/dilma-foi-mais-bem-votada-no-sul-e-sudeste-que-no-norte-e-nordeste\/","title":{"rendered":"DILMA FOI MAIS BEM VOTADA NO SUL E SUDESTE QUE NO NORTE E NORDESTE"},"content":{"rendered":"<div id=\"attachment_43991\" style=\"width: 510px\" class=\"wp-caption aligncenter\"><a href=\"http:\/\/www.sudoestehoje.com.br\/novoportal\/wp-content\/uploads\/2014\/10\/graficosaldoeleitoral_1.jpg\"><img loading=\"lazy\" decoding=\"async\" aria-describedby=\"caption-attachment-43991\" class=\"size-medium wp-image-43991\" src=\"http:\/\/www.sudoestehoje.com.br\/novoportal\/wp-content\/uploads\/2014\/10\/graficosaldoeleitoral_1-500x673.jpg\" alt=\"NO NORTE E NORDESTE DILMA OBTEVE 24,..% DOS VOTOS E NO SUL E SUDESTE OBTEVE 26,7%.\" width=\"500\" height=\"673\" srcset=\"https:\/\/www.sudoestehoje.com.br\/novoportal\/wp-content\/uploads\/2014\/10\/graficosaldoeleitoral_1-500x673.jpg 500w, https:\/\/www.sudoestehoje.com.br\/novoportal\/wp-content\/uploads\/2014\/10\/graficosaldoeleitoral_1-111x150.jpg 111w, https:\/\/www.sudoestehoje.com.br\/novoportal\/wp-content\/uploads\/2014\/10\/graficosaldoeleitoral_1.jpg 690w\" sizes=\"auto, (max-width: 500px) 100vw, 500px\" \/><\/a><p id=\"caption-attachment-43991\" class=\"wp-caption-text\">NO NORTE E NORDESTE DILMA OBTEVE 24,8 MILH\u00d5ES DE VOTOS, ENQUANTO NO SUL E SUDESTE ELA RECEBEU 26,7 MILH\u00d5ES. E AINDA DIZEM QUE A &#8216;CULPA&#8217; FOI DO NORDESTINO&#8230;<\/p><\/div>\n<p>Depois dos resultados da elei\u00e7\u00e3o presidencial, muita gente passou a atribuir culpa aos nordestinos, pela derrota do tucano A\u00e9cio Neves, afirmando que a vit\u00f3ria de Dilma s\u00f3 foi poss\u00edvel face \u00e0 vota\u00e7\u00e3o maci\u00e7a que recebeu nos estados do Norte e Nordeste, que somaram cerca de de <strong><em>24,8 milh\u00f5es de votos<\/em><\/strong>.<\/p>\n<p>Curioso que sou, fiz a soma dos votos de Dilma nos estados do Sul e Sudeste e fiquei surpreso com o resultado: Dilma obteve mais votos no Sul e Sudeste, que no Norte e Nordeste; Confira os n\u00fameros aproximados:<\/p>\n<p>SP &#8211; 36% para Dilma (8,5 milh\u00f5es de votos)<br \/>\nMG &#8211; 52% para Dilma (6,0 milh\u00f5es de votos)<br \/>\nRJ &#8211; 55% para Dilma (4,5 milh\u00f5es de votos)<br \/>\nES &#8211; 46% para Dilma (0,9 milh\u00f5es de votos)<span class=\"text_exposed_show\"><br \/>\nPR &#8211; 39% para Dilma (2,4 milh\u00f5es de votos)<br \/>\nSC &#8211; 35% para Dilma (1,4 milh\u00f5es de votos)<br \/>\nRS &#8211; 47% para Dilma (3,0 milh\u00f5es de votos)<\/span><\/p>\n<p><span class=\"text_exposed_show\">TOTAL NO SUL E SUDESTE = <strong><em>26,7 milh\u00f5es de votos<\/em><\/strong>, sem incluir os votos do Centro Oeste.<\/span><\/p>\n<p>E a\u00ed, quem \u00e9 <em>&#8216;burro&#8217;<\/em>\u00a0mesmo?<\/p>\n<p><strong><em>Por Davi Ferraz<\/em><\/strong><\/p>\n","protected":false},"excerpt":{"rendered":"<p>Depois dos resultados da elei\u00e7\u00e3o presidencial, muita gente passou a atribuir culpa aos nordestinos, pela derrota do tucano A\u00e9cio Neves, afirmando que a vit\u00f3ria de Dilma s\u00f3 foi poss\u00edvel face \u00e0 vota\u00e7\u00e3o maci\u00e7a que recebeu nos estados do Norte e Nordeste, que somaram cerca de de 24,8 milh\u00f5es de votos. Curioso que sou, fiz a [&hellip;]<\/p>\n","protected":false},"author":2,"featured_media":0,"comment_status":"open","ping_status":"open","sticky":false,"template":"","format":"standard","meta":{"footnotes":"","_links_to":"","_links_to_target":""},"categories":[1],"tags":[],"class_list":["post-43990","post","type-post","status-publish","format-standard","hentry","category-geral"],"views":1203,"_links":{"self":[{"href":"https:\/\/www.sudoestehoje.com.br\/novoportal\/wp-json\/wp\/v2\/posts\/43990","targetHints":{"allow":["GET"]}}],"collection":[{"href":"https:\/\/www.sudoestehoje.com.br\/novoportal\/wp-json\/wp\/v2\/posts"}],"about":[{"href":"https:\/\/www.sudoestehoje.com.br\/novoportal\/wp-json\/wp\/v2\/types\/post"}],"author":[{"embeddable":true,"href":"https:\/\/www.sudoestehoje.com.br\/novoportal\/wp-json\/wp\/v2\/users\/2"}],"replies":[{"embeddable":true,"href":"https:\/\/www.sudoestehoje.com.br\/novoportal\/wp-json\/wp\/v2\/comments?post=43990"}],"version-history":[{"count":6,"href":"https:\/\/www.sudoestehoje.com.br\/novoportal\/wp-json\/wp\/v2\/posts\/43990\/revisions"}],"predecessor-version":[{"id":43997,"href":"https:\/\/www.sudoestehoje.com.br\/novoportal\/wp-json\/wp\/v2\/posts\/43990\/revisions\/43997"}],"wp:attachment":[{"href":"https:\/\/www.sudoestehoje.com.br\/novoportal\/wp-json\/wp\/v2\/media?parent=43990"}],"wp:term":[{"taxonomy":"category","embeddable":true,"href":"https:\/\/www.sudoestehoje.com.br\/novoportal\/wp-json\/wp\/v2\/categories?post=43990"},{"taxonomy":"post_tag","embeddable":true,"href":"https:\/\/www.sudoestehoje.com.br\/novoportal\/wp-json\/wp\/v2\/tags?post=43990"}],"curies":[{"name":"wp","href":"https:\/\/api.w.org\/{rel}","templated":true}]}}