
{"id":4394,"date":"2011-04-15T18:56:32","date_gmt":"2011-04-15T21:56:32","guid":{"rendered":"http:\/\/www.sudoestehoje.com.br\/novoportal\/?p=4394"},"modified":"2011-04-15T19:19:31","modified_gmt":"2011-04-15T22:19:31","slug":"itororo-zeze-de-camargo-e-luciano-pode-ser-a-atracao-do-festsol","status":"publish","type":"post","link":"https:\/\/www.sudoestehoje.com.br\/novoportal\/2011\/04\/15\/itororo-zeze-de-camargo-e-luciano-pode-ser-a-atracao-do-festsol\/","title":{"rendered":"ITOROR\u00d3: ZEZ\u00c9 DI CAMARGO &#038; LUCIANO PODE SER ATRA\u00c7\u00c3O NO FESTSOL"},"content":{"rendered":"<p style=\"text-align: center;\"><img decoding=\"async\" class=\"aligncenter\" src=\"http:\/\/3.bp.blogspot.com\/_Qf2pDAXTvoc\/TKzdN0Xu9dI\/AAAAAAAABBo\/SmBgu-z7oiE\/s1600\/zeze_di_camargo_liquida.jpg\" alt=\"\" \/>\u00a0<\/p>\n<p style=\"text-align: center;\"><em><strong>Zez\u00e9 di Carmargo &amp; Luciano no Festsol de Itoror\u00f3<\/strong><\/em><\/p>\n<p>\u00a0<\/p>\n<p>A grade do Festsol de Itoror\u00f3 ainda n\u00e3o foi fechada, mas j\u00e1 est\u00e1 quase certa a atra\u00e7\u00e3o principal, que dever\u00e1 ser a dupla sertaneja <strong><em>ZEZ\u00c9 DI CAMARGO &amp; LUCIANO<\/em><\/strong>. Com isto, Itoror\u00f3 sai mais uma vez na frente das suas principais concorrentes, Ibicu\u00ed e Itapetinga. Ibicu\u00ed est\u00e1 em dificuldades para emplacar a sua tradicional festa, enquanto Itapetinga j\u00e1 anunciou as suas principais atra\u00e7\u00f5es.<\/p>\n<p>Mostrando a sua falta de criatividade, o prefeito de\u00a0Itapetinga anunciou a contrata\u00e7\u00e3o da\u00a0repetitiva banda\u00a0 <em><strong>&#8216;AVI\u00d5ES DO FUNDEB&#8217;<\/strong><\/em> , que j\u00e1 tem cadeira cativa na enjoativa folia de Itapetinga, desde os tempos do ex-prefeito Michel. Ser\u00e1 que vai\u00a0faltar merenda escolar de novo?<\/p>\n<p><em><strong>Por DAVI FERRAZ<\/strong><\/em><\/p>\n","protected":false},"excerpt":{"rendered":"<p>\u00a0 Zez\u00e9 di Carmargo &amp; Luciano no Festsol de Itoror\u00f3 \u00a0 A grade do Festsol de Itoror\u00f3 ainda n\u00e3o foi fechada, mas j\u00e1 est\u00e1 quase certa a atra\u00e7\u00e3o principal, que dever\u00e1 ser a dupla sertaneja ZEZ\u00c9 DI CAMARGO &amp; LUCIANO. Com isto, Itoror\u00f3 sai mais uma vez na frente das suas principais concorrentes, Ibicu\u00ed e [&hellip;]<\/p>\n","protected":false},"author":2,"featured_media":0,"comment_status":"open","ping_status":"open","sticky":false,"template":"","format":"standard","meta":{"footnotes":"","_links_to":"","_links_to_target":""},"categories":[1],"tags":[],"class_list":["post-4394","post","type-post","status-publish","format-standard","hentry","category-geral"],"views":1342,"_links":{"self":[{"href":"https:\/\/www.sudoestehoje.com.br\/novoportal\/wp-json\/wp\/v2\/posts\/4394","targetHints":{"allow":["GET"]}}],"collection":[{"href":"https:\/\/www.sudoestehoje.com.br\/novoportal\/wp-json\/wp\/v2\/posts"}],"about":[{"href":"https:\/\/www.sudoestehoje.com.br\/novoportal\/wp-json\/wp\/v2\/types\/post"}],"author":[{"embeddable":true,"href":"https:\/\/www.sudoestehoje.com.br\/novoportal\/wp-json\/wp\/v2\/users\/2"}],"replies":[{"embeddable":true,"href":"https:\/\/www.sudoestehoje.com.br\/novoportal\/wp-json\/wp\/v2\/comments?post=4394"}],"version-history":[{"count":5,"href":"https:\/\/www.sudoestehoje.com.br\/novoportal\/wp-json\/wp\/v2\/posts\/4394\/revisions"}],"predecessor-version":[{"id":4397,"href":"https:\/\/www.sudoestehoje.com.br\/novoportal\/wp-json\/wp\/v2\/posts\/4394\/revisions\/4397"}],"wp:attachment":[{"href":"https:\/\/www.sudoestehoje.com.br\/novoportal\/wp-json\/wp\/v2\/media?parent=4394"}],"wp:term":[{"taxonomy":"category","embeddable":true,"href":"https:\/\/www.sudoestehoje.com.br\/novoportal\/wp-json\/wp\/v2\/categories?post=4394"},{"taxonomy":"post_tag","embeddable":true,"href":"https:\/\/www.sudoestehoje.com.br\/novoportal\/wp-json\/wp\/v2\/tags?post=4394"}],"curies":[{"name":"wp","href":"https:\/\/api.w.org\/{rel}","templated":true}]}}