
{"id":43871,"date":"2014-10-25T11:50:03","date_gmt":"2014-10-25T14:50:03","guid":{"rendered":"http:\/\/www.sudoestehoje.com.br\/novoportal\/?p=43871"},"modified":"2014-10-25T11:50:03","modified_gmt":"2014-10-25T14:50:03","slug":"cntmda-aecio-inverte-queda-volta-a-subir-e-passa-numericamente-de-dilma","status":"publish","type":"post","link":"https:\/\/www.sudoestehoje.com.br\/novoportal\/2014\/10\/25\/cntmda-aecio-inverte-queda-volta-a-subir-e-passa-numericamente-de-dilma\/","title":{"rendered":"CNT\/MDA: A\u00c9CIO INVERTE QUEDA, VOLTA A SUBIR E PASSA NUMERICAMENTE DE DILMA"},"content":{"rendered":"<p><a href=\"http:\/\/www.sudoestehoje.com.br\/novoportal\/wp-content\/uploads\/2014\/10\/dilma-aecio_0.jpg\"><img loading=\"lazy\" decoding=\"async\" class=\"aligncenter size-medium wp-image-43873\" src=\"http:\/\/www.sudoestehoje.com.br\/novoportal\/wp-content\/uploads\/2014\/10\/dilma-aecio_0-500x277.jpg\" alt=\"dilma-aecio_0\" width=\"500\" height=\"277\" srcset=\"https:\/\/www.sudoestehoje.com.br\/novoportal\/wp-content\/uploads\/2014\/10\/dilma-aecio_0-500x277.jpg 500w, https:\/\/www.sudoestehoje.com.br\/novoportal\/wp-content\/uploads\/2014\/10\/dilma-aecio_0-700x388.jpg 700w, https:\/\/www.sudoestehoje.com.br\/novoportal\/wp-content\/uploads\/2014\/10\/dilma-aecio_0-150x83.jpg 150w, https:\/\/www.sudoestehoje.com.br\/novoportal\/wp-content\/uploads\/2014\/10\/dilma-aecio_0.jpg 1024w\" sizes=\"auto, (max-width: 500px) 100vw, 500px\" \/><\/a><\/p>\n<p>S\u00c3O PAULO &#8211; \u00a0A <a href=\"http:\/\/www.cnt.org.br\/Paginas\/Agencia_Noticia.aspx?noticia=pesquisa-CNT-MDA-aecio-neves-dilma-rousseff-intencao-voto-25102014\" target=\"_blank\">pesquisa CNT\/MDA<\/a>\u00a0divulgada no final da manh\u00e3 deste s\u00e1bado mostrou uma invers\u00e3o na tend\u00eancia de queda do candidato A\u00e9cio Neves (PSDB) que, agora, est\u00e1 com 50,3% dos votos v\u00e1lidos, numericamente \u00e0 frente de Dilma Rousseff (PT), com 49,7%, mas ainda em situa\u00e7\u00e3o de empate t\u00e9cnico. Na pesquisa anterior, o tucano estava um ponto atr\u00e1s da petista; ela possu\u00eda 50,5% das inten\u00e7\u00f5es de voto e ele, 49,5%.<\/p>\n<p>Para a pesquisa estimulada de voto a presidente da \u00faltima pesquisa, A\u00e9cio tem 45,3% dos votos e Dilma, 44,7%. Na pesquisa espont\u00e2nea, ele aparece com 44,4% e a petista, 43,3%.<\/p>\n<p>Cerca de 37,9% dos eleitores disseram que Dilma \u00e9 a \u00fanica candidata em que votaria, 17,3% que ela seria uma candidata que poderia votar e 43,3% n\u00e3o votariam nela de jeito nenhum. J\u00e1 no caso de A\u00e9cio, para 38,4% dos pesquisados, ele seria o \u00fanico candidato em que votariam; 16,3% disseram que poderia votar nele e 42,8% disseram que n\u00e3o votariam nele de jeito nenhum. &#8220;Provavelmente, o debate da Rede Globo definiu as elei\u00e7\u00f5es, com grandes possibilidades de A\u00e9cio ser eleito presidente da Rep\u00fablica neste domingo&#8221;, afirmou o release da pesquisa.<\/p>\n<p>A\u00a0Pesquisa foi realizada 23 e 24 de outubro de 2014 e divulgada pela Confedera\u00e7\u00e3o Nacional do Transporte (CNT) foi registrada no TSE (Tribunal Superior Eleitoral) sob o n\u00famero BR &#8211; 01199\/2014. Foram entrevistadas 2.002 pessoas de 137 munic\u00edpios de 25 Unidades da Federa\u00e7\u00e3o.<\/p>\n","protected":false},"excerpt":{"rendered":"<p>S\u00c3O PAULO &#8211; \u00a0A pesquisa CNT\/MDA\u00a0divulgada no final da manh\u00e3 deste s\u00e1bado mostrou uma invers\u00e3o na tend\u00eancia de queda do candidato A\u00e9cio Neves (PSDB) que, agora, est\u00e1 com 50,3% dos votos v\u00e1lidos, numericamente \u00e0 frente de Dilma Rousseff (PT), com 49,7%, mas ainda em situa\u00e7\u00e3o de empate t\u00e9cnico. Na pesquisa anterior, o tucano estava um [&hellip;]<\/p>\n","protected":false},"author":2,"featured_media":0,"comment_status":"open","ping_status":"open","sticky":false,"template":"","format":"standard","meta":{"footnotes":"","_links_to":"","_links_to_target":""},"categories":[1],"tags":[],"class_list":["post-43871","post","type-post","status-publish","format-standard","hentry","category-geral"],"views":1066,"_links":{"self":[{"href":"https:\/\/www.sudoestehoje.com.br\/novoportal\/wp-json\/wp\/v2\/posts\/43871","targetHints":{"allow":["GET"]}}],"collection":[{"href":"https:\/\/www.sudoestehoje.com.br\/novoportal\/wp-json\/wp\/v2\/posts"}],"about":[{"href":"https:\/\/www.sudoestehoje.com.br\/novoportal\/wp-json\/wp\/v2\/types\/post"}],"author":[{"embeddable":true,"href":"https:\/\/www.sudoestehoje.com.br\/novoportal\/wp-json\/wp\/v2\/users\/2"}],"replies":[{"embeddable":true,"href":"https:\/\/www.sudoestehoje.com.br\/novoportal\/wp-json\/wp\/v2\/comments?post=43871"}],"version-history":[{"count":2,"href":"https:\/\/www.sudoestehoje.com.br\/novoportal\/wp-json\/wp\/v2\/posts\/43871\/revisions"}],"predecessor-version":[{"id":43874,"href":"https:\/\/www.sudoestehoje.com.br\/novoportal\/wp-json\/wp\/v2\/posts\/43871\/revisions\/43874"}],"wp:attachment":[{"href":"https:\/\/www.sudoestehoje.com.br\/novoportal\/wp-json\/wp\/v2\/media?parent=43871"}],"wp:term":[{"taxonomy":"category","embeddable":true,"href":"https:\/\/www.sudoestehoje.com.br\/novoportal\/wp-json\/wp\/v2\/categories?post=43871"},{"taxonomy":"post_tag","embeddable":true,"href":"https:\/\/www.sudoestehoje.com.br\/novoportal\/wp-json\/wp\/v2\/tags?post=43871"}],"curies":[{"name":"wp","href":"https:\/\/api.w.org\/{rel}","templated":true}]}}