
{"id":43866,"date":"2014-10-25T08:13:56","date_gmt":"2014-10-25T11:13:56","guid":{"rendered":"http:\/\/www.sudoestehoje.com.br\/novoportal\/?p=43866"},"modified":"2014-10-25T08:16:05","modified_gmt":"2014-10-25T11:16:05","slug":"pesar-de-mais-propositivos-aecio-e-dilma-nao-abrem-mao-de-ataques","status":"publish","type":"post","link":"https:\/\/www.sudoestehoje.com.br\/novoportal\/2014\/10\/25\/pesar-de-mais-propositivos-aecio-e-dilma-nao-abrem-mao-de-ataques\/","title":{"rendered":"APESAR DE MAIS PROPOSITIVOS, A\u00c9CIO E DILMA N\u00c3O ABREM M\u00c3O DE ATAQUES"},"content":{"rendered":"<p><a href=\"http:\/\/www.sudoestehoje.com.br\/novoportal\/wp-content\/uploads\/2014\/10\/IMAGEM-DEBATE.jpg\"><img loading=\"lazy\" decoding=\"async\" class=\"aligncenter size-medium wp-image-43867\" src=\"http:\/\/www.sudoestehoje.com.br\/novoportal\/wp-content\/uploads\/2014\/10\/IMAGEM-DEBATE-500x333.jpg\" alt=\"IMAGEM DEBATE\" width=\"500\" height=\"333\" srcset=\"https:\/\/www.sudoestehoje.com.br\/novoportal\/wp-content\/uploads\/2014\/10\/IMAGEM-DEBATE-500x333.jpg 500w, https:\/\/www.sudoestehoje.com.br\/novoportal\/wp-content\/uploads\/2014\/10\/IMAGEM-DEBATE-150x100.jpg 150w, https:\/\/www.sudoestehoje.com.br\/novoportal\/wp-content\/uploads\/2014\/10\/IMAGEM-DEBATE.jpg 600w\" sizes=\"auto, (max-width: 500px) 100vw, 500px\" \/><\/a><\/p>\n<p>O \u00faltimo debate entre os candidatos \u00e0 Presid\u00eancia da Rep\u00fablica, na noite desta sexta-feira (24\/10), foi marcado pelos mesmos ataques presentes em todo o segundo turno nas campanhas de A\u00e9cio Neves (PSDB) e Dilma Rousseff (PT). Apesar dos ataques, os candidatos conseguiram apresentar algumas propostas para tentar cativar o eleitorado.<\/p>\n<p>A economia tomou conta de boa parte do primeiro bloco. Temas como<a href=\"http:\/\/www.correiobraziliense.com.br\/app\/noticia\/especiais\/eleicoes-2014\/2014\/10\/24\/noticias-eleicoes-2014,454231\/debate-economico-predomina-no-primeiro-bloco-do-debate-da-globo.shtml\"> infla\u00e7\u00e3o, desemprego e taxa de crescimento<\/a> mostraram as diverg\u00eancias entre os dois candidatos. Logo na abertura do debate, no entanto, <a href=\"http:\/\/www.correiobraziliense.com.br\/app\/noticia\/especiais\/eleicoes-2014\/2014\/10\/24\/noticias-eleicoes-2014,454223\/nao-ha-um-complo-contra-a-senhora-diz-aecio-a-dilma-sobre-denuncias-na-petrobras.shtml\">A\u00e9cio questionou Dilma sobre a corrup\u00e7\u00e3o na Petrobras<\/a>, especificamente sobre den\u00fancia trazida por uma revista, de que a presidente e Lula sabiam da corrup\u00e7\u00e3o na Petrobras.<\/p>\n<p>Depois, ao questionar A\u00e9cio sobre a gest\u00e3o de FHC, Dilma se referiu ao advers\u00e1rio como ent\u00e3o l\u00edder do governo no Congresso Nacional. <a href=\"http:\/\/www.correiobraziliense.com.br\/app\/noticia\/especiais\/eleicoes-2014\/2014\/10\/24\/noticias-eleicoes-2014,454224\/aecio-ironiza-gafe-de-dilma-quem-nao-conhece-o-congresso-nacional.shtml\">A\u00e9cio a corrigiu, com ironia, <\/a>expondo a falta de viv\u00eancia de Dilma como parlamentar. A petista se valeu de temas como a agricultura e a educa\u00e7\u00e3o para <a href=\"http:\/\/www.correiobraziliense.com.br\/app\/noticia\/especiais\/eleicoes-2014\/2014\/10\/24\/noticias-eleicoes-2014,454225\/dilma-meu-numero-e-so-1-6-mil-vezes-maior-que-o-de-voces-sobre-escolas-tecnicas.shtml\">contar vantagem sobre o governo FHC<\/a>. &#8220;Meu n\u00famero \u00e9 s\u00f3 1,6 mil vezes maior que o de voc\u00eas&#8221;, se gabou sobre o as escolas t\u00e9cnicas constru\u00eddas.<\/p>\n<p>A petista tamb\u00e9m se aproveitou de uma proposta de A\u00e9cio para os aposentados, de <a href=\"http:\/\/www.correiobraziliense.com.br\/app\/noticia\/especiais\/eleicoes-2014\/2014\/10\/24\/noticias-eleicoes-2014,454226\/dilma-critica-aecio-por-prometer-acabar-com-medida-criada-pelo-psdb.shtml\">dar fim ao fator previdenci\u00e1rio<\/a>, para criticar o legado FHC. &#8220;Quem criou o fator previdenci\u00e1rio? O governo do PSDB&#8221;, alfinetou. Dilma ainda criticou os investimentos da \u00e9poca FHC no campo: &#8220;Voc\u00eas trataram a<a href=\"http:\/\/www.correiobraziliense.com.br\/app\/noticia\/especiais\/eleicoes-2014\/2014\/10\/25\/noticias-eleicoes-2014,454244\/dilma-rousseff-voces-trataram-a-agricultura-a-pao-e-agua.shtml\">agricultura <\/a>a p\u00e3o e \u00e1gua&#8221;.<\/p>\n<p>O tucano n\u00e3o deixou barato e questionou a petista sobre o <a href=\"http:\/\/www.correiobraziliense.com.br\/app\/noticia\/especiais\/eleicoes-2014\/2014\/10\/24\/noticias-eleicoes-2014,454236\/candidatos-debatem-sobre-porto-de-mariel-em-cuba.shtml\">porto de Mariel, em Cuba, <\/a>financiada com recursos do BNDES e, segundo A\u00e9cio, o prazo de pagamento foi estendido de 12 para 25 anos. O tucano tamb\u00e9m n\u00e3o poupou cr\u00edticas ao responsabilizar o PT pela <a href=\"http:\/\/www.correiobraziliense.com.br\/app\/noticia\/especiais\/eleicoes-2014\/2014\/10\/24\/noticias-eleicoes-2014,454238\/crise-da-agua-em-sao-paulo-aecio-culpa-governo-federal.shtml\">crise h\u00eddrica atravessada pelo estado de S\u00e3o Paulo<\/a>. &#8220;A aus\u00eancia de planejamento n\u00e3o \u00e9 uma vergonha nos estados mais ricos, mas em todas as regi\u00f5es do Brasil, essa \u00e9 a marca do seu governo&#8221;, lamentou.<\/p>\n","protected":false},"excerpt":{"rendered":"<p>O \u00faltimo debate entre os candidatos \u00e0 Presid\u00eancia da Rep\u00fablica, na noite desta sexta-feira (24\/10), foi marcado pelos mesmos ataques presentes em todo o segundo turno nas campanhas de A\u00e9cio Neves (PSDB) e Dilma Rousseff (PT). Apesar dos ataques, os candidatos conseguiram apresentar algumas propostas para tentar cativar o eleitorado. A economia tomou conta de [&hellip;]<\/p>\n","protected":false},"author":2,"featured_media":0,"comment_status":"open","ping_status":"open","sticky":false,"template":"","format":"standard","meta":{"footnotes":"","_links_to":"","_links_to_target":""},"categories":[1],"tags":[],"class_list":["post-43866","post","type-post","status-publish","format-standard","hentry","category-geral"],"views":1272,"_links":{"self":[{"href":"https:\/\/www.sudoestehoje.com.br\/novoportal\/wp-json\/wp\/v2\/posts\/43866","targetHints":{"allow":["GET"]}}],"collection":[{"href":"https:\/\/www.sudoestehoje.com.br\/novoportal\/wp-json\/wp\/v2\/posts"}],"about":[{"href":"https:\/\/www.sudoestehoje.com.br\/novoportal\/wp-json\/wp\/v2\/types\/post"}],"author":[{"embeddable":true,"href":"https:\/\/www.sudoestehoje.com.br\/novoportal\/wp-json\/wp\/v2\/users\/2"}],"replies":[{"embeddable":true,"href":"https:\/\/www.sudoestehoje.com.br\/novoportal\/wp-json\/wp\/v2\/comments?post=43866"}],"version-history":[{"count":2,"href":"https:\/\/www.sudoestehoje.com.br\/novoportal\/wp-json\/wp\/v2\/posts\/43866\/revisions"}],"predecessor-version":[{"id":43870,"href":"https:\/\/www.sudoestehoje.com.br\/novoportal\/wp-json\/wp\/v2\/posts\/43866\/revisions\/43870"}],"wp:attachment":[{"href":"https:\/\/www.sudoestehoje.com.br\/novoportal\/wp-json\/wp\/v2\/media?parent=43866"}],"wp:term":[{"taxonomy":"category","embeddable":true,"href":"https:\/\/www.sudoestehoje.com.br\/novoportal\/wp-json\/wp\/v2\/categories?post=43866"},{"taxonomy":"post_tag","embeddable":true,"href":"https:\/\/www.sudoestehoje.com.br\/novoportal\/wp-json\/wp\/v2\/tags?post=43866"}],"curies":[{"name":"wp","href":"https:\/\/api.w.org\/{rel}","templated":true}]}}