
{"id":43832,"date":"2014-10-24T09:28:29","date_gmt":"2014-10-24T12:28:29","guid":{"rendered":"http:\/\/www.sudoestehoje.com.br\/novoportal\/?p=43832"},"modified":"2014-10-24T09:28:29","modified_gmt":"2014-10-24T12:28:29","slug":"debate-na-globo-marca-ultima-batalha-entre-dilma-e-aecio-na-tv","status":"publish","type":"post","link":"https:\/\/www.sudoestehoje.com.br\/novoportal\/2014\/10\/24\/debate-na-globo-marca-ultima-batalha-entre-dilma-e-aecio-na-tv\/","title":{"rendered":"DEBATE NA GLOBO MARCA \u00daLTIMA BATALHA ENTRE DILMA E A\u00c9CIO NA TV"},"content":{"rendered":"<p><a href=\"http:\/\/www.sudoestehoje.com.br\/novoportal\/wp-content\/uploads\/2014\/10\/Aecio-e-Dilma-original-size-598.jpg\"><img loading=\"lazy\" decoding=\"async\" class=\"aligncenter size-medium wp-image-43833\" src=\"http:\/\/www.sudoestehoje.com.br\/novoportal\/wp-content\/uploads\/2014\/10\/Aecio-e-Dilma-original-size-598-500x281.jpg\" alt=\"Aecio-e-Dilma-original-size-598\" width=\"500\" height=\"281\" srcset=\"https:\/\/www.sudoestehoje.com.br\/novoportal\/wp-content\/uploads\/2014\/10\/Aecio-e-Dilma-original-size-598-500x281.jpg 500w, https:\/\/www.sudoestehoje.com.br\/novoportal\/wp-content\/uploads\/2014\/10\/Aecio-e-Dilma-original-size-598-150x84.jpg 150w, https:\/\/www.sudoestehoje.com.br\/novoportal\/wp-content\/uploads\/2014\/10\/Aecio-e-Dilma-original-size-598.jpg 597w\" sizes=\"auto, (max-width: 500px) 100vw, 500px\" \/><\/a><\/p>\n<p>Depois de tr\u00eas semanas de campanha acirrad\u00edssima, marcada por confrontos tensos e ataques do PT, Dilma Rousseff (PT) e A\u00e9cio Neves (PSDB) estar\u00e3o frente a frente pela \u00faltima vez antes das urnas na noite desta sexta-feira no debate promovido pela TV Globo \u2013 com in\u00edcio previsto para as 22h10.<\/p>\n<p>Em desvantagem nas <strong><a href=\"http:\/\/veja.abril.com.br\/noticia\/brasil\/datafolha-dilma-tem-53-e-aecio-47\">\u00faltimas pesquisas<\/a><\/strong>, tucanos apostam as \u00faltimas fichas no confronto da TV Globo: no primeiro turno, a campanha avalia que o desempenho de A\u00e9cio no debate da emissora, realizado no dia 2 de outubro, foi respons\u00e1vel por alavancar sua candidatura nas urnas. Segundo o Ibope, a audi\u00eancia do debate na rodada inicial da elei\u00e7\u00e3o alcan\u00e7ou 20,9 pontos, o equivalente a cerca de 4 milh\u00f5es de pessoas.<\/p>\n<p>No debate anterior, realizado pela TV Record no \u00faltimo dia 19, o tucano teve desempenho melhor que Dilma, segundo o instituto Datafolha.<\/p>\n<p>Nesta sexta-feira,\u00a0A\u00e9cio e\u00a0Dilma passar\u00e3o o dia no Rio de Janeiro, onde fica a\u00a0sede da emissora, em prepara\u00e7\u00e3o\u00a0para o confronto na tela.\u00a0Depois do debate, os dois candidatos seguir\u00e3o para Minas Gerais, onde encerrar\u00e3o as campanhas neste s\u00e1bado \u2013 em seguida, Dilma viajar\u00e1 para Porto Alegre, seu domic\u00edlio eleitoral.<\/p>\n","protected":false},"excerpt":{"rendered":"<p>Depois de tr\u00eas semanas de campanha acirrad\u00edssima, marcada por confrontos tensos e ataques do PT, Dilma Rousseff (PT) e A\u00e9cio Neves (PSDB) estar\u00e3o frente a frente pela \u00faltima vez antes das urnas na noite desta sexta-feira no debate promovido pela TV Globo \u2013 com in\u00edcio previsto para as 22h10. Em desvantagem nas \u00faltimas pesquisas, tucanos [&hellip;]<\/p>\n","protected":false},"author":2,"featured_media":0,"comment_status":"open","ping_status":"open","sticky":false,"template":"","format":"standard","meta":{"footnotes":"","_links_to":"","_links_to_target":""},"categories":[1],"tags":[],"class_list":["post-43832","post","type-post","status-publish","format-standard","hentry","category-geral"],"views":1427,"_links":{"self":[{"href":"https:\/\/www.sudoestehoje.com.br\/novoportal\/wp-json\/wp\/v2\/posts\/43832","targetHints":{"allow":["GET"]}}],"collection":[{"href":"https:\/\/www.sudoestehoje.com.br\/novoportal\/wp-json\/wp\/v2\/posts"}],"about":[{"href":"https:\/\/www.sudoestehoje.com.br\/novoportal\/wp-json\/wp\/v2\/types\/post"}],"author":[{"embeddable":true,"href":"https:\/\/www.sudoestehoje.com.br\/novoportal\/wp-json\/wp\/v2\/users\/2"}],"replies":[{"embeddable":true,"href":"https:\/\/www.sudoestehoje.com.br\/novoportal\/wp-json\/wp\/v2\/comments?post=43832"}],"version-history":[{"count":1,"href":"https:\/\/www.sudoestehoje.com.br\/novoportal\/wp-json\/wp\/v2\/posts\/43832\/revisions"}],"predecessor-version":[{"id":43834,"href":"https:\/\/www.sudoestehoje.com.br\/novoportal\/wp-json\/wp\/v2\/posts\/43832\/revisions\/43834"}],"wp:attachment":[{"href":"https:\/\/www.sudoestehoje.com.br\/novoportal\/wp-json\/wp\/v2\/media?parent=43832"}],"wp:term":[{"taxonomy":"category","embeddable":true,"href":"https:\/\/www.sudoestehoje.com.br\/novoportal\/wp-json\/wp\/v2\/categories?post=43832"},{"taxonomy":"post_tag","embeddable":true,"href":"https:\/\/www.sudoestehoje.com.br\/novoportal\/wp-json\/wp\/v2\/tags?post=43832"}],"curies":[{"name":"wp","href":"https:\/\/api.w.org\/{rel}","templated":true}]}}