
{"id":43829,"date":"2014-10-24T09:02:27","date_gmt":"2014-10-24T12:02:27","guid":{"rendered":"http:\/\/www.sudoestehoje.com.br\/novoportal\/?p=43829"},"modified":"2014-10-24T09:02:27","modified_gmt":"2014-10-24T12:02:27","slug":"istoesensus-aecio-lidera-com-546-e-abre-92-pontos-contra-dilma","status":"publish","type":"post","link":"https:\/\/www.sudoestehoje.com.br\/novoportal\/2014\/10\/24\/istoesensus-aecio-lidera-com-546-e-abre-92-pontos-contra-dilma\/","title":{"rendered":"ISTO\u00c9\/SENSUS: A\u00c9CIO LIDERA COM 54,6% E ABRE 9,2 PONTOS CONTRA DILMA"},"content":{"rendered":"<p><a href=\"http:\/\/www.sudoestehoje.com.br\/novoportal\/wp-content\/uploads\/2014\/10\/dilma-aecio_1_0.jpg\"><img loading=\"lazy\" decoding=\"async\" class=\"aligncenter size-medium wp-image-43830\" src=\"http:\/\/www.sudoestehoje.com.br\/novoportal\/wp-content\/uploads\/2014\/10\/dilma-aecio_1_0-500x272.jpg\" alt=\"dilma-aecio_1_0\" width=\"500\" height=\"272\" srcset=\"https:\/\/www.sudoestehoje.com.br\/novoportal\/wp-content\/uploads\/2014\/10\/dilma-aecio_1_0-500x272.jpg 500w, https:\/\/www.sudoestehoje.com.br\/novoportal\/wp-content\/uploads\/2014\/10\/dilma-aecio_1_0-150x81.jpg 150w, https:\/\/www.sudoestehoje.com.br\/novoportal\/wp-content\/uploads\/2014\/10\/dilma-aecio_1_0.jpg 550w\" sizes=\"auto, (max-width: 500px) 100vw, 500px\" \/><\/a><\/p>\n<p>O candidato \u00e0 Presid\u00eancia da Rep\u00fablica pelo PSDB, A\u00e9cio Neves, aparece com 54,6% das inten\u00e7\u00f5es de voto no \u00faltimo levantamento Sensus\/Isto\u00e9, considerando os votos v\u00e1lidos, contra 45,4% da presidente Dilma Rousseff (PT), que tenta a reelei\u00e7\u00e3o. A diferen\u00e7a \u00e9 de 9,2 pontos percentuais, o equivale a aproximadamente 12,8 milh\u00f5es de votos. A margem de erro \u00e9 de 2,2 pontos percentuais para mais ou para menos. Com a totalidade dos votos, A\u00e9cio tem 48,1% e Dilma, 40%; 11,9% (aproximadamente 12,8 milh\u00f5es de eleitores) ainda n\u00e3o decidiram o voto.A consulta entrevistou 2 mil pessoas em 24 estados e em 136 munic\u00edpios. A pesquisa foi registrada no Tribunal Superior Eleitoral (TSE) sob o n\u00famero BR-01166\/2014.<\/p>\n","protected":false},"excerpt":{"rendered":"<p>O candidato \u00e0 Presid\u00eancia da Rep\u00fablica pelo PSDB, A\u00e9cio Neves, aparece com 54,6% das inten\u00e7\u00f5es de voto no \u00faltimo levantamento Sensus\/Isto\u00e9, considerando os votos v\u00e1lidos, contra 45,4% da presidente Dilma Rousseff (PT), que tenta a reelei\u00e7\u00e3o. A diferen\u00e7a \u00e9 de 9,2 pontos percentuais, o equivale a aproximadamente 12,8 milh\u00f5es de votos. A margem de erro [&hellip;]<\/p>\n","protected":false},"author":2,"featured_media":0,"comment_status":"open","ping_status":"open","sticky":false,"template":"","format":"standard","meta":{"footnotes":"","_links_to":"","_links_to_target":""},"categories":[1],"tags":[],"class_list":["post-43829","post","type-post","status-publish","format-standard","hentry","category-geral"],"views":1212,"_links":{"self":[{"href":"https:\/\/www.sudoestehoje.com.br\/novoportal\/wp-json\/wp\/v2\/posts\/43829","targetHints":{"allow":["GET"]}}],"collection":[{"href":"https:\/\/www.sudoestehoje.com.br\/novoportal\/wp-json\/wp\/v2\/posts"}],"about":[{"href":"https:\/\/www.sudoestehoje.com.br\/novoportal\/wp-json\/wp\/v2\/types\/post"}],"author":[{"embeddable":true,"href":"https:\/\/www.sudoestehoje.com.br\/novoportal\/wp-json\/wp\/v2\/users\/2"}],"replies":[{"embeddable":true,"href":"https:\/\/www.sudoestehoje.com.br\/novoportal\/wp-json\/wp\/v2\/comments?post=43829"}],"version-history":[{"count":1,"href":"https:\/\/www.sudoestehoje.com.br\/novoportal\/wp-json\/wp\/v2\/posts\/43829\/revisions"}],"predecessor-version":[{"id":43831,"href":"https:\/\/www.sudoestehoje.com.br\/novoportal\/wp-json\/wp\/v2\/posts\/43829\/revisions\/43831"}],"wp:attachment":[{"href":"https:\/\/www.sudoestehoje.com.br\/novoportal\/wp-json\/wp\/v2\/media?parent=43829"}],"wp:term":[{"taxonomy":"category","embeddable":true,"href":"https:\/\/www.sudoestehoje.com.br\/novoportal\/wp-json\/wp\/v2\/categories?post=43829"},{"taxonomy":"post_tag","embeddable":true,"href":"https:\/\/www.sudoestehoje.com.br\/novoportal\/wp-json\/wp\/v2\/tags?post=43829"}],"curies":[{"name":"wp","href":"https:\/\/api.w.org\/{rel}","templated":true}]}}