
{"id":43817,"date":"2014-10-23T17:21:44","date_gmt":"2014-10-23T20:21:44","guid":{"rendered":"http:\/\/www.sudoestehoje.com.br\/novoportal\/?p=43817"},"modified":"2014-10-23T17:21:44","modified_gmt":"2014-10-23T20:21:44","slug":"datafolha-em-votos-validos-dilma-tem-53-e-aecio-neves-47","status":"publish","type":"post","link":"https:\/\/www.sudoestehoje.com.br\/novoportal\/2014\/10\/23\/datafolha-em-votos-validos-dilma-tem-53-e-aecio-neves-47\/","title":{"rendered":"DATAFOLHA: EM VOTOS V\u00c1LIDOS, DILMA TEM 53% E A\u00c9CIO NEVES 47%"},"content":{"rendered":"<p><a href=\"http:\/\/www.sudoestehoje.com.br\/novoportal\/wp-content\/uploads\/2014\/10\/CANDIDATOS.jpg\"><img loading=\"lazy\" decoding=\"async\" class=\"aligncenter size-medium wp-image-43818\" src=\"http:\/\/www.sudoestehoje.com.br\/novoportal\/wp-content\/uploads\/2014\/10\/CANDIDATOS-500x271.jpg\" alt=\"CANDIDATOS\" width=\"500\" height=\"271\" srcset=\"https:\/\/www.sudoestehoje.com.br\/novoportal\/wp-content\/uploads\/2014\/10\/CANDIDATOS-500x271.jpg 500w, https:\/\/www.sudoestehoje.com.br\/novoportal\/wp-content\/uploads\/2014\/10\/CANDIDATOS-150x81.jpg 150w, https:\/\/www.sudoestehoje.com.br\/novoportal\/wp-content\/uploads\/2014\/10\/CANDIDATOS.jpg 590w\" sizes=\"auto, (max-width: 500px) 100vw, 500px\" \/><\/a><\/p>\n<p>Pesquisa Datafolha divulgada nesta quinta-feira, 23, mostra que a candidata do PT, Dilma Rousseff, lidera a corrida ao Pal\u00e1cio do Planalto com 53% das inten\u00e7\u00f5es de voto, contra 47% do candidato do PSDB A\u00e9cio Neves, considerando-se os votos v\u00e1lidos. No levantamento anterior do instituto, divulgado no dia 22, Dilma tinha 52%, e A\u00e9cio, 48% dos votos v\u00e1lidos. Levando em conta os votos totais, Dilma tem 48% e A\u00e9cio, 42%. Os votos em branco e nulos somam 5%, o mesmo porcentual dos indecisos. No primeiro turno das elei\u00e7\u00f5es, Dilma teve 41,59% dos votos v\u00e1lidos e A\u00e9cio, 33,55%.<\/p>\n<p>A pesquisa avaliou tamb\u00e9m a taxa de rejei\u00e7\u00e3o dos dois candidatos: 41% dos eleitores disseram que n\u00e3o votariam de jeito nenhum em A\u00e9cio Neves e 37% em Dilma Rousseff. Na pesquisa divulgada em 9 de outubro, as taxas eram respectivamente de 34% e 43%. Sobre a aprova\u00e7\u00e3o do governo Dilma, o porcentual de eleitores que o consideram bom ou \u00f3timo passou de 39% para 37%. O instituto n\u00e3o divulgou at\u00e9 este momento os porcentuais de avalia\u00e7\u00e3o \u2018regular\u2019 e \u2018ruim ou p\u00e9ssima\u2019. A pesquisa, encomendada pela TV Globo e pelo jornal Folha de S.Paulo, fez 9.910 entrevistas em 399 munic\u00edpios nos dia 22 e 23 de outubro. A margem de erro \u00e9 de dois pontos porcentuais para mais ou para menos e o n\u00edvel de confian\u00e7a \u00e9 de 95%. A pesquisa est\u00e1 registrada no Tribunal Superior Eleitoral (TSE) sob o n\u00famero BR-01162\/2014.<\/p>\n","protected":false},"excerpt":{"rendered":"<p>Pesquisa Datafolha divulgada nesta quinta-feira, 23, mostra que a candidata do PT, Dilma Rousseff, lidera a corrida ao Pal\u00e1cio do Planalto com 53% das inten\u00e7\u00f5es de voto, contra 47% do candidato do PSDB A\u00e9cio Neves, considerando-se os votos v\u00e1lidos. No levantamento anterior do instituto, divulgado no dia 22, Dilma tinha 52%, e A\u00e9cio, 48% dos [&hellip;]<\/p>\n","protected":false},"author":2,"featured_media":0,"comment_status":"open","ping_status":"open","sticky":false,"template":"","format":"standard","meta":{"footnotes":"","_links_to":"","_links_to_target":""},"categories":[1],"tags":[],"class_list":["post-43817","post","type-post","status-publish","format-standard","hentry","category-geral"],"views":1300,"_links":{"self":[{"href":"https:\/\/www.sudoestehoje.com.br\/novoportal\/wp-json\/wp\/v2\/posts\/43817","targetHints":{"allow":["GET"]}}],"collection":[{"href":"https:\/\/www.sudoestehoje.com.br\/novoportal\/wp-json\/wp\/v2\/posts"}],"about":[{"href":"https:\/\/www.sudoestehoje.com.br\/novoportal\/wp-json\/wp\/v2\/types\/post"}],"author":[{"embeddable":true,"href":"https:\/\/www.sudoestehoje.com.br\/novoportal\/wp-json\/wp\/v2\/users\/2"}],"replies":[{"embeddable":true,"href":"https:\/\/www.sudoestehoje.com.br\/novoportal\/wp-json\/wp\/v2\/comments?post=43817"}],"version-history":[{"count":1,"href":"https:\/\/www.sudoestehoje.com.br\/novoportal\/wp-json\/wp\/v2\/posts\/43817\/revisions"}],"predecessor-version":[{"id":43819,"href":"https:\/\/www.sudoestehoje.com.br\/novoportal\/wp-json\/wp\/v2\/posts\/43817\/revisions\/43819"}],"wp:attachment":[{"href":"https:\/\/www.sudoestehoje.com.br\/novoportal\/wp-json\/wp\/v2\/media?parent=43817"}],"wp:term":[{"taxonomy":"category","embeddable":true,"href":"https:\/\/www.sudoestehoje.com.br\/novoportal\/wp-json\/wp\/v2\/categories?post=43817"},{"taxonomy":"post_tag","embeddable":true,"href":"https:\/\/www.sudoestehoje.com.br\/novoportal\/wp-json\/wp\/v2\/tags?post=43817"}],"curies":[{"name":"wp","href":"https:\/\/api.w.org\/{rel}","templated":true}]}}