
{"id":43760,"date":"2014-10-21T20:44:53","date_gmt":"2014-10-21T23:44:53","guid":{"rendered":"http:\/\/www.sudoestehoje.com.br\/novoportal\/?p=43760"},"modified":"2014-10-21T20:44:53","modified_gmt":"2014-10-21T23:44:53","slug":"em-conquista-acm-neto-traca-metas-para-alcancar-governo-em-2018","status":"publish","type":"post","link":"https:\/\/www.sudoestehoje.com.br\/novoportal\/2014\/10\/21\/em-conquista-acm-neto-traca-metas-para-alcancar-governo-em-2018\/","title":{"rendered":"EM CONQUISTA, ACM NETO TRA\u00c7A METAS PARA ALCAN\u00c7AR GOVERNO EM 2018"},"content":{"rendered":"<p><a href=\"http:\/\/www.sudoestehoje.com.br\/novoportal\/wp-content\/uploads\/2014\/10\/NETO-EM-CONQUISTA.jpg\"><img loading=\"lazy\" decoding=\"async\" class=\"aligncenter size-medium wp-image-43762\" src=\"http:\/\/www.sudoestehoje.com.br\/novoportal\/wp-content\/uploads\/2014\/10\/NETO-EM-CONQUISTA-500x331.jpg\" alt=\"NETO EM CONQUISTA\" width=\"500\" height=\"331\" srcset=\"https:\/\/www.sudoestehoje.com.br\/novoportal\/wp-content\/uploads\/2014\/10\/NETO-EM-CONQUISTA-500x331.jpg 500w, https:\/\/www.sudoestehoje.com.br\/novoportal\/wp-content\/uploads\/2014\/10\/NETO-EM-CONQUISTA-150x99.jpg 150w, https:\/\/www.sudoestehoje.com.br\/novoportal\/wp-content\/uploads\/2014\/10\/NETO-EM-CONQUISTA.jpg 600w\" sizes=\"auto, (max-width: 500px) 100vw, 500px\" \/><\/a><\/p>\n<p>Em campanha para o candidato \u00e0 Presid\u00eancia da Rep\u00fablica A\u00e9cio Neves (PSDB) em Vit\u00f3ria da Conquista, o prefeito de Salvador, ACM Neto (DEM), afirmou que s\u00e3o precisos \u201ctr\u00eas passos a dar em dire\u00e7\u00e3o \u00e0 liberta\u00e7\u00e3o da Bahia\u201d. <em>\u201cO primeiro \u00e9 eleger A\u00e9cio Neves presidente, o segundo, em 2016 \u00e9 eleger o prefeito de Conquista, e o terceiro, em 2018, \u00e9 definitivamente tirar o PT do governo da Bahia\u201d<\/em>, defendeu o democrata, citado como virtual candidato das oposi\u00e7\u00f5es ao governo do Estado em 2018. Vit\u00f3ria da Conquista \u00e9 governada pelo PT h\u00e1 18 anos.<\/p>\n<p><em>\u201cEu quero dizer a voc\u00eas, que a gente elegendo A\u00e9cio Neves presidente da Rep\u00fablica, ele vai nos ajudar em 2016, para n\u00f3s estarmos aqui todos unidos na constru\u00e7\u00e3o da vit\u00f3ria rumo \u00e0 Prefeitura de Vit\u00f3ria da Conquista\u201d<\/em>, discursou o prefeito, de acordo com o Blog do Anderson. Al\u00e9m de ACM Neto, estavam presentes Paulo Souto (DEM) e Geddel Vieira Lima (PMDB), candidatos derrotados ao governo da Bahia e ao Senado no pleito de 2014. Informa\u00e7\u00f5es do\u00a0Blog do Anderson.<\/p>\n","protected":false},"excerpt":{"rendered":"<p>Em campanha para o candidato \u00e0 Presid\u00eancia da Rep\u00fablica A\u00e9cio Neves (PSDB) em Vit\u00f3ria da Conquista, o prefeito de Salvador, ACM Neto (DEM), afirmou que s\u00e3o precisos \u201ctr\u00eas passos a dar em dire\u00e7\u00e3o \u00e0 liberta\u00e7\u00e3o da Bahia\u201d. \u201cO primeiro \u00e9 eleger A\u00e9cio Neves presidente, o segundo, em 2016 \u00e9 eleger o prefeito de Conquista, e [&hellip;]<\/p>\n","protected":false},"author":2,"featured_media":0,"comment_status":"open","ping_status":"open","sticky":false,"template":"","format":"standard","meta":{"footnotes":"","_links_to":"","_links_to_target":""},"categories":[1],"tags":[],"class_list":["post-43760","post","type-post","status-publish","format-standard","hentry","category-geral"],"views":1128,"_links":{"self":[{"href":"https:\/\/www.sudoestehoje.com.br\/novoportal\/wp-json\/wp\/v2\/posts\/43760","targetHints":{"allow":["GET"]}}],"collection":[{"href":"https:\/\/www.sudoestehoje.com.br\/novoportal\/wp-json\/wp\/v2\/posts"}],"about":[{"href":"https:\/\/www.sudoestehoje.com.br\/novoportal\/wp-json\/wp\/v2\/types\/post"}],"author":[{"embeddable":true,"href":"https:\/\/www.sudoestehoje.com.br\/novoportal\/wp-json\/wp\/v2\/users\/2"}],"replies":[{"embeddable":true,"href":"https:\/\/www.sudoestehoje.com.br\/novoportal\/wp-json\/wp\/v2\/comments?post=43760"}],"version-history":[{"count":2,"href":"https:\/\/www.sudoestehoje.com.br\/novoportal\/wp-json\/wp\/v2\/posts\/43760\/revisions"}],"predecessor-version":[{"id":43763,"href":"https:\/\/www.sudoestehoje.com.br\/novoportal\/wp-json\/wp\/v2\/posts\/43760\/revisions\/43763"}],"wp:attachment":[{"href":"https:\/\/www.sudoestehoje.com.br\/novoportal\/wp-json\/wp\/v2\/media?parent=43760"}],"wp:term":[{"taxonomy":"category","embeddable":true,"href":"https:\/\/www.sudoestehoje.com.br\/novoportal\/wp-json\/wp\/v2\/categories?post=43760"},{"taxonomy":"post_tag","embeddable":true,"href":"https:\/\/www.sudoestehoje.com.br\/novoportal\/wp-json\/wp\/v2\/tags?post=43760"}],"curies":[{"name":"wp","href":"https:\/\/api.w.org\/{rel}","templated":true}]}}