
{"id":43746,"date":"2014-10-21T09:26:05","date_gmt":"2014-10-21T12:26:05","guid":{"rendered":"http:\/\/www.sudoestehoje.com.br\/novoportal\/?p=43746"},"modified":"2014-10-21T09:27:16","modified_gmt":"2014-10-21T12:27:16","slug":"ibicui-marcos-galvao-com-prestigio","status":"publish","type":"post","link":"https:\/\/www.sudoestehoje.com.br\/novoportal\/2014\/10\/21\/ibicui-marcos-galvao-com-prestigio\/","title":{"rendered":"IBICU\u00cd: MARCOS GALV\u00c3O COM PRESTIGIO"},"content":{"rendered":"<p><a href=\"http:\/\/www.sudoestehoje.com.br\/novoportal\/wp-content\/uploads\/2014\/10\/MARCO-GALV.jpg\"><img loading=\"lazy\" decoding=\"async\" class=\"aligncenter size-medium wp-image-43747\" src=\"http:\/\/www.sudoestehoje.com.br\/novoportal\/wp-content\/uploads\/2014\/10\/MARCO-GALV-500x420.jpg\" alt=\"MARCO GALV\" width=\"500\" height=\"420\" srcset=\"https:\/\/www.sudoestehoje.com.br\/novoportal\/wp-content\/uploads\/2014\/10\/MARCO-GALV-500x420.jpg 500w, https:\/\/www.sudoestehoje.com.br\/novoportal\/wp-content\/uploads\/2014\/10\/MARCO-GALV-150x126.jpg 150w, https:\/\/www.sudoestehoje.com.br\/novoportal\/wp-content\/uploads\/2014\/10\/MARCO-GALV.jpg 600w\" sizes=\"auto, (max-width: 500px) 100vw, 500px\" \/><\/a><\/p>\n<p>Na \u00faltima sexta-feira, o ex-candidato a prefeito de Ibicu\u00ed, Marcos Galv\u00e3o (PT), esteve com o governador eleito Rui Costa (PT). Na oportunidade, ele foi convidado para coordenar a campanha de Dilma no munic\u00edpio.<\/p>\n<p>Marcos estava acompanhado do ex-candidato a deputado federal Davidson Magalh\u00e3es (PC do B), e manteve contato com v\u00e1rios deputados.<\/p>\n<p>No primeiro turno das elei\u00e7\u00f5es, Marcos Galv\u00e3o apoiou Davidson Magalh\u00e3es para deputado federal, dando-lhe a maior vota\u00e7\u00e3o no munic\u00edpio. <em>Pol\u00edticos do Sul da Bahia<\/em><\/p>\n","protected":false},"excerpt":{"rendered":"<p>Na \u00faltima sexta-feira, o ex-candidato a prefeito de Ibicu\u00ed, Marcos Galv\u00e3o (PT), esteve com o governador eleito Rui Costa (PT). Na oportunidade, ele foi convidado para coordenar a campanha de Dilma no munic\u00edpio. Marcos estava acompanhado do ex-candidato a deputado federal Davidson Magalh\u00e3es (PC do B), e manteve contato com v\u00e1rios deputados. No primeiro turno [&hellip;]<\/p>\n","protected":false},"author":2,"featured_media":0,"comment_status":"open","ping_status":"open","sticky":false,"template":"","format":"standard","meta":{"footnotes":"","_links_to":"","_links_to_target":""},"categories":[1],"tags":[],"class_list":["post-43746","post","type-post","status-publish","format-standard","hentry","category-geral"],"views":1309,"_links":{"self":[{"href":"https:\/\/www.sudoestehoje.com.br\/novoportal\/wp-json\/wp\/v2\/posts\/43746","targetHints":{"allow":["GET"]}}],"collection":[{"href":"https:\/\/www.sudoestehoje.com.br\/novoportal\/wp-json\/wp\/v2\/posts"}],"about":[{"href":"https:\/\/www.sudoestehoje.com.br\/novoportal\/wp-json\/wp\/v2\/types\/post"}],"author":[{"embeddable":true,"href":"https:\/\/www.sudoestehoje.com.br\/novoportal\/wp-json\/wp\/v2\/users\/2"}],"replies":[{"embeddable":true,"href":"https:\/\/www.sudoestehoje.com.br\/novoportal\/wp-json\/wp\/v2\/comments?post=43746"}],"version-history":[{"count":2,"href":"https:\/\/www.sudoestehoje.com.br\/novoportal\/wp-json\/wp\/v2\/posts\/43746\/revisions"}],"predecessor-version":[{"id":43749,"href":"https:\/\/www.sudoestehoje.com.br\/novoportal\/wp-json\/wp\/v2\/posts\/43746\/revisions\/43749"}],"wp:attachment":[{"href":"https:\/\/www.sudoestehoje.com.br\/novoportal\/wp-json\/wp\/v2\/media?parent=43746"}],"wp:term":[{"taxonomy":"category","embeddable":true,"href":"https:\/\/www.sudoestehoje.com.br\/novoportal\/wp-json\/wp\/v2\/categories?post=43746"},{"taxonomy":"post_tag","embeddable":true,"href":"https:\/\/www.sudoestehoje.com.br\/novoportal\/wp-json\/wp\/v2\/tags?post=43746"}],"curies":[{"name":"wp","href":"https:\/\/api.w.org\/{rel}","templated":true}]}}