
{"id":437,"date":"2010-07-29T00:22:25","date_gmt":"2010-07-29T03:22:25","guid":{"rendered":"http:\/\/sudoestehoje.tempsite.ws\/novoportal\/?p=437"},"modified":"2010-09-18T15:38:56","modified_gmt":"2010-09-18T18:38:56","slug":"datafolha-corrige-dados-da-pesquisa-na-bahia","status":"publish","type":"post","link":"https:\/\/www.sudoestehoje.com.br\/novoportal\/2010\/07\/29\/datafolha-corrige-dados-da-pesquisa-na-bahia\/","title":{"rendered":"DATAFOLHA CORRIGE DADOS DA PESQUISA NA BAHIA"},"content":{"rendered":"<div>\n<div style=\"text-align: center;\"><img decoding=\"async\" src=\"http:\/\/4.bp.blogspot.com\/_uq6liMBhfMI\/SihGUyZ67wI\/AAAAAAAAB-I\/cKgyLYsWc1A\/s400\/geddel1.jpg\" border=\"0\" alt=\"\" \/><\/div>\n<div>Geddel tem 13% na pesquisa e n\u00e3o 12% como foi divulgado<\/div>\n<p>A  pesquisa Datafolha realizada na Bahia de 20 a 23 de julho saiu  publicada na Folha nos dias 24 e 26 com alguns dados incorretos, que  por\u00e9m n\u00e3o alteram a posi\u00e7\u00e3o relativa de cada candidato. As diferen\u00e7as na  pesquisa para governador s\u00e3o pequenas: Geddel Vieira Lima (PMDB) tem na  verdade 13% dos votos, e n\u00e3o 12%. Os votos brancos e nulos s\u00e3o 5% (e  n\u00e3o 6%) e 14% dos eleitores n\u00e3o opinaram (e n\u00e3o 13%).<\/p>\n<p>A  rejei\u00e7\u00e3o do ex-governador Paulo Souto (DEM) \u00e9 de 29% (e n\u00e3o 30%), e a  de Geddel, 18% (e n\u00e3o 20%). Na inten\u00e7\u00e3o espont\u00e2nea, Wagner (PT) tem 25%  (e n\u00e3o 26%), e Geddel, 5% (e n\u00e3o 4%). Entre eleitores com renda familiar  acima de cinco sal\u00e1rios m\u00ednimos, Wagner tem 60% (e n\u00e3o 58%), Souto, 15%  (e n\u00e3o 16%), e Geddel 8% (e n\u00e3o 7%). Na faixa abaixo de dois sal\u00e1rios  m\u00ednimos, Wagner tem 41% (e n\u00e3o 42%), e Geddel, 13% (e n\u00e3o 12%). Wagner  lidera entre os eleitores mais jovens com 51%, Souto tem 20% e Geddel,  13%.<\/p>\n<p>Na pesquisa para o Senado as diferen\u00e7as s\u00e3o  maiores, porque cada eleitor precisava apontar dois nomes. L\u00eddice (PSB)  tem 22%, e n\u00e3o 26%. Walter Pinheiro (PT) tem 18%, e n\u00e3o 20%. Jos\u00e9  Ronaldo (DEM) tem 9%, e n\u00e3o 7%. Edson Duarte (PV) tem 4% (e n\u00e3o 3%), e  Fran\u00e7a (PSOL) tem 2%, e n\u00e3o 1%. (Folha)<\/p>\n<\/div>\n","protected":false},"excerpt":{"rendered":"<p>Geddel tem 13% na pesquisa e n\u00e3o 12% como foi divulgado A pesquisa Datafolha realizada na Bahia de 20 a 23 de julho saiu publicada na Folha nos dias 24 e 26 com alguns dados incorretos, que por\u00e9m n\u00e3o alteram a posi\u00e7\u00e3o relativa de cada candidato. As diferen\u00e7as na pesquisa para governador s\u00e3o pequenas: Geddel [&hellip;]<\/p>\n","protected":false},"author":1,"featured_media":0,"comment_status":"open","ping_status":"open","sticky":false,"template":"","format":"standard","meta":{"footnotes":"","_links_to":"","_links_to_target":""},"categories":[1],"tags":[],"class_list":["post-437","post","type-post","status-publish","format-standard","hentry","category-geral"],"views":1402,"_links":{"self":[{"href":"https:\/\/www.sudoestehoje.com.br\/novoportal\/wp-json\/wp\/v2\/posts\/437","targetHints":{"allow":["GET"]}}],"collection":[{"href":"https:\/\/www.sudoestehoje.com.br\/novoportal\/wp-json\/wp\/v2\/posts"}],"about":[{"href":"https:\/\/www.sudoestehoje.com.br\/novoportal\/wp-json\/wp\/v2\/types\/post"}],"author":[{"embeddable":true,"href":"https:\/\/www.sudoestehoje.com.br\/novoportal\/wp-json\/wp\/v2\/users\/1"}],"replies":[{"embeddable":true,"href":"https:\/\/www.sudoestehoje.com.br\/novoportal\/wp-json\/wp\/v2\/comments?post=437"}],"version-history":[{"count":1,"href":"https:\/\/www.sudoestehoje.com.br\/novoportal\/wp-json\/wp\/v2\/posts\/437\/revisions"}],"predecessor-version":[{"id":438,"href":"https:\/\/www.sudoestehoje.com.br\/novoportal\/wp-json\/wp\/v2\/posts\/437\/revisions\/438"}],"wp:attachment":[{"href":"https:\/\/www.sudoestehoje.com.br\/novoportal\/wp-json\/wp\/v2\/media?parent=437"}],"wp:term":[{"taxonomy":"category","embeddable":true,"href":"https:\/\/www.sudoestehoje.com.br\/novoportal\/wp-json\/wp\/v2\/categories?post=437"},{"taxonomy":"post_tag","embeddable":true,"href":"https:\/\/www.sudoestehoje.com.br\/novoportal\/wp-json\/wp\/v2\/tags?post=437"}],"curies":[{"name":"wp","href":"https:\/\/api.w.org\/{rel}","templated":true}]}}