
{"id":4368,"date":"2011-04-14T13:52:25","date_gmt":"2011-04-14T16:52:25","guid":{"rendered":"http:\/\/www.sudoestehoje.com.br\/novoportal\/?p=4368"},"modified":"2011-04-14T13:52:25","modified_gmt":"2011-04-14T16:52:25","slug":"disputa-interna-racha-sindicato-que-projetou-wagner-e-rosemberg","status":"publish","type":"post","link":"https:\/\/www.sudoestehoje.com.br\/novoportal\/2011\/04\/14\/disputa-interna-racha-sindicato-que-projetou-wagner-e-rosemberg\/","title":{"rendered":"DISPUTA INTERNA RACHA SINDICATO QUE PROJETOU WAGNER E ROSEMBERG"},"content":{"rendered":"<p style=\"text-align: center;\"><img decoding=\"async\" class=\"aligncenter\" src=\"http:\/\/www.bahianoticia.com.br\/site\/images\/stories\/IMAGEM_NOTICIA_1.jpg\" alt=\"\" \/><\/p>\n<p style=\"text-align: center;\"><strong><em>Rosemberg seria o &#8216;piv\u00f4&#8217; do racha<\/em><\/strong><\/p>\n<p><em><strong>\u00c9poca<\/strong><\/em><\/p>\n<p>Origem pol\u00edtica e base eleitoral do governador da Bahia, Jaques Wagner, e de deputados federais como Luiz Alberto e Rui Costa, todos do PT, os qu\u00edmicos e petroleiros da Bahia est\u00e3o em guerra pela sucess\u00e3o no sindicato que representa as duas categorias, o Sindiqu\u00edmica. As elei\u00e7\u00f5es para a diretoria da entidade, que come\u00e7aram na segunda e v\u00e3o at\u00e9 sexta feira, correm o risco de serem anuladas pelo Minist\u00e9rio P\u00fablico do Trabalho que investiga den\u00fancias de que cabos eleitorais e at\u00e9 mes\u00e1rios de uma das chapas est\u00e3o destruindo listas de vota\u00e7\u00e3o para tentar impedir a realiza\u00e7\u00e3o do pleito.<\/p>\n<p>\u201c<em>Uma parte da diretoria do sindicato est\u00e1 trabalhando pela elei\u00e7\u00e3o e outra parte boicotando\u201d,<\/em> disse o dirigente Christian Pereira. Segundo o diretor, h\u00e1 fortes ind\u00edcios de que deputados estaduais e at\u00e9 federais que ap\u00f3iam uma das chapas estejam tentando boicotar as elei\u00e7\u00f5es. E citou o ex-diretor e deputado estadual Rosemberg Pinto (PT) como um dos articuladores do racha sindical. \u201cN\u00e3o estou participando do processo eleitoral e considero irrespons\u00e1veis estas acusa\u00e7\u00f5es\u201d, afirmou Rosemberg.<\/p>\n<p>A den\u00fancia ao Minist\u00e9rio P\u00fablico do Trabalho pede investiga\u00e7\u00f5es sobre a participa\u00e7\u00e3o de cabos eleitorais de outros estados chamados pela chapa 2 para tumultuar o processo e at\u00e9 de dirigentes do sindicato dos policiais, encarregados de intimidar candidatos.<\/p>\n","protected":false},"excerpt":{"rendered":"<p>Rosemberg seria o &#8216;piv\u00f4&#8217; do racha \u00c9poca Origem pol\u00edtica e base eleitoral do governador da Bahia, Jaques Wagner, e de deputados federais como Luiz Alberto e Rui Costa, todos do PT, os qu\u00edmicos e petroleiros da Bahia est\u00e3o em guerra pela sucess\u00e3o no sindicato que representa as duas categorias, o Sindiqu\u00edmica. As elei\u00e7\u00f5es para a [&hellip;]<\/p>\n","protected":false},"author":2,"featured_media":0,"comment_status":"open","ping_status":"open","sticky":false,"template":"","format":"standard","meta":{"footnotes":"","_links_to":"","_links_to_target":""},"categories":[1],"tags":[],"class_list":["post-4368","post","type-post","status-publish","format-standard","hentry","category-geral"],"views":1220,"_links":{"self":[{"href":"https:\/\/www.sudoestehoje.com.br\/novoportal\/wp-json\/wp\/v2\/posts\/4368","targetHints":{"allow":["GET"]}}],"collection":[{"href":"https:\/\/www.sudoestehoje.com.br\/novoportal\/wp-json\/wp\/v2\/posts"}],"about":[{"href":"https:\/\/www.sudoestehoje.com.br\/novoportal\/wp-json\/wp\/v2\/types\/post"}],"author":[{"embeddable":true,"href":"https:\/\/www.sudoestehoje.com.br\/novoportal\/wp-json\/wp\/v2\/users\/2"}],"replies":[{"embeddable":true,"href":"https:\/\/www.sudoestehoje.com.br\/novoportal\/wp-json\/wp\/v2\/comments?post=4368"}],"version-history":[{"count":2,"href":"https:\/\/www.sudoestehoje.com.br\/novoportal\/wp-json\/wp\/v2\/posts\/4368\/revisions"}],"predecessor-version":[{"id":4370,"href":"https:\/\/www.sudoestehoje.com.br\/novoportal\/wp-json\/wp\/v2\/posts\/4368\/revisions\/4370"}],"wp:attachment":[{"href":"https:\/\/www.sudoestehoje.com.br\/novoportal\/wp-json\/wp\/v2\/media?parent=4368"}],"wp:term":[{"taxonomy":"category","embeddable":true,"href":"https:\/\/www.sudoestehoje.com.br\/novoportal\/wp-json\/wp\/v2\/categories?post=4368"},{"taxonomy":"post_tag","embeddable":true,"href":"https:\/\/www.sudoestehoje.com.br\/novoportal\/wp-json\/wp\/v2\/tags?post=4368"}],"curies":[{"name":"wp","href":"https:\/\/api.w.org\/{rel}","templated":true}]}}