
{"id":43601,"date":"2014-10-17T22:49:47","date_gmt":"2014-10-18T01:49:47","guid":{"rendered":"http:\/\/www.sudoestehoje.com.br\/novoportal\/?p=43601"},"modified":"2014-10-17T22:53:02","modified_gmt":"2014-10-18T01:53:02","slug":"aecio-quero-ser-lembrado-como-o-presidente-do-nordeste-brasileiro","status":"publish","type":"post","link":"https:\/\/www.sudoestehoje.com.br\/novoportal\/2014\/10\/17\/aecio-quero-ser-lembrado-como-o-presidente-do-nordeste-brasileiro\/","title":{"rendered":"A\u00c9CIO: &#8220;QUERO SER LEMBRADO COMO O PRESIDENTE DO NORDESTE BRASILEIRO&#8221;"},"content":{"rendered":"<div id=\"yui_3_16_0_1_1413593816015_12532\">\n<p><a href=\"http:\/\/www.sudoestehoje.com.br\/novoportal\/wp-content\/uploads\/2014\/10\/aecio-em-salvador.jpg\"><img loading=\"lazy\" decoding=\"async\" class=\"aligncenter size-medium wp-image-43606\" src=\"http:\/\/www.sudoestehoje.com.br\/novoportal\/wp-content\/uploads\/2014\/10\/aecio-em-salvador-500x488.jpg\" alt=\"aecio em salvador\" width=\"500\" height=\"488\" srcset=\"https:\/\/www.sudoestehoje.com.br\/novoportal\/wp-content\/uploads\/2014\/10\/aecio-em-salvador-500x488.jpg 500w, https:\/\/www.sudoestehoje.com.br\/novoportal\/wp-content\/uploads\/2014\/10\/aecio-em-salvador-150x146.jpg 150w, https:\/\/www.sudoestehoje.com.br\/novoportal\/wp-content\/uploads\/2014\/10\/aecio-em-salvador.jpg 640w\" sizes=\"auto, (max-width: 500px) 100vw, 500px\" \/><\/a><\/p>\n<p>&#8220;Quero ser lembrado como o presidente do Nordeste Brasileiro&#8221;, afirmou o candidato \u00e0 Presid\u00eancia da Rep\u00fablica, A\u00e9cio Neves, para milhares de pessoas que lotaram o Largo do Pelourinho, em Salvador, na tarde desta sexta-feira (17). Depois de sair da Pra\u00e7a Castro Alves e percorrer o Centro Hist\u00f3rico, em carro aberto, ao lado do prefeito ACM Neto e lideran\u00e7as pol\u00edticas baianas, acompanhado por uma multid\u00e3o, A\u00e9cio fez quest\u00e3o de manifestar publicamente a sua determina\u00e7\u00e3o de, no caso de eleito, reduzir as desigualdades regionais dando como exemplo seu compromisso com o Nordeste.<\/p>\n<p><a href=\"http:\/\/www.sudoestehoje.com.br\/novoportal\/wp-content\/uploads\/2014\/10\/17_10_14_Aecio_SSA_foto_Paulo-M-Azevedo_Coperphoto4.jpg\"><img loading=\"lazy\" decoding=\"async\" class=\"aligncenter size-medium wp-image-43604\" src=\"http:\/\/www.sudoestehoje.com.br\/novoportal\/wp-content\/uploads\/2014\/10\/17_10_14_Aecio_SSA_foto_Paulo-M-Azevedo_Coperphoto4-500x333.jpg\" alt=\"17_10_14_Aecio_SSA_foto_Paulo M Azevedo_Coperphoto4\" width=\"500\" height=\"333\" srcset=\"https:\/\/www.sudoestehoje.com.br\/novoportal\/wp-content\/uploads\/2014\/10\/17_10_14_Aecio_SSA_foto_Paulo-M-Azevedo_Coperphoto4-500x333.jpg 500w, https:\/\/www.sudoestehoje.com.br\/novoportal\/wp-content\/uploads\/2014\/10\/17_10_14_Aecio_SSA_foto_Paulo-M-Azevedo_Coperphoto4-700x466.jpg 700w, https:\/\/www.sudoestehoje.com.br\/novoportal\/wp-content\/uploads\/2014\/10\/17_10_14_Aecio_SSA_foto_Paulo-M-Azevedo_Coperphoto4-150x100.jpg 150w, https:\/\/www.sudoestehoje.com.br\/novoportal\/wp-content\/uploads\/2014\/10\/17_10_14_Aecio_SSA_foto_Paulo-M-Azevedo_Coperphoto4.jpg 1296w\" sizes=\"auto, (max-width: 500px) 100vw, 500px\" \/><\/a><\/p>\n<p>&#8220;Nosso projeto \u00e9 diminuir essas vergonhosas desigualdades regionais que nos separam. Vamos tomar medidas para superar definitivamente a pobreza no Pa\u00eds&#8221;, assinalou A\u00e9cio, sob os brados de seu nome e de &#8220;fora PT&#8221;, gritados pelos milhares de presentes. &#8220;Escolhi o Pelourinho para falar a toda na\u00e7\u00e3o que o Brasil \u00e9 negro, pardo, \u00edndio e branco. \u00c9 de todos os brasileiros. N\u00e3o aceita esse discurso de nos dividir ao meio. Unidos vamos encontrar o caminho do progresso e da justi\u00e7a social&#8221;.<\/p>\n<p><a href=\"http:\/\/www.sudoestehoje.com.br\/novoportal\/wp-content\/uploads\/2014\/10\/17_10_14_Aecio_SSA_foto_Paulo-M-Azevedo_Coperphoto31.jpg\"><img loading=\"lazy\" decoding=\"async\" class=\"aligncenter size-medium wp-image-43603\" src=\"http:\/\/www.sudoestehoje.com.br\/novoportal\/wp-content\/uploads\/2014\/10\/17_10_14_Aecio_SSA_foto_Paulo-M-Azevedo_Coperphoto31-500x333.jpg\" alt=\"17_10_14_Aecio_SSA_foto_Paulo M Azevedo_Coperphoto3\" width=\"500\" height=\"333\" srcset=\"https:\/\/www.sudoestehoje.com.br\/novoportal\/wp-content\/uploads\/2014\/10\/17_10_14_Aecio_SSA_foto_Paulo-M-Azevedo_Coperphoto31-500x333.jpg 500w, https:\/\/www.sudoestehoje.com.br\/novoportal\/wp-content\/uploads\/2014\/10\/17_10_14_Aecio_SSA_foto_Paulo-M-Azevedo_Coperphoto31-700x466.jpg 700w, https:\/\/www.sudoestehoje.com.br\/novoportal\/wp-content\/uploads\/2014\/10\/17_10_14_Aecio_SSA_foto_Paulo-M-Azevedo_Coperphoto31-150x100.jpg 150w, https:\/\/www.sudoestehoje.com.br\/novoportal\/wp-content\/uploads\/2014\/10\/17_10_14_Aecio_SSA_foto_Paulo-M-Azevedo_Coperphoto31.jpg 1296w\" sizes=\"auto, (max-width: 500px) 100vw, 500px\" \/><\/a><\/p>\n<p>O candidato tucano foi veemente ao ressaltar que ser\u00e1 parceiro da Bahia, independentemente do partido que esteja governando o estado. &#8220;Darei o exemplo \u00e0queles que n\u00e3o agem de forma republicana. Vamos libertar o Brasil de um grupo pol\u00edtico que tomou o poder e n\u00e3o quer mais sair&#8221;, disse, destacando que a advers\u00e1ria petista n\u00e3o tem limites para mentir e n\u00e3o faz o jogo da boa pol\u00edtica. &#8220;No ch\u00e3o sagrado da Bahia, digo que, a cada cal\u00fania e mentira lan\u00e7ada sobre mim, vou reagir com 10 verdades sobre eles&#8221;.<\/p>\n<p><a href=\"http:\/\/www.sudoestehoje.com.br\/novoportal\/wp-content\/uploads\/2014\/10\/a\u00e9cio-em-salvador-2.jpg\"><img loading=\"lazy\" decoding=\"async\" class=\"aligncenter size-medium wp-image-43612\" src=\"http:\/\/www.sudoestehoje.com.br\/novoportal\/wp-content\/uploads\/2014\/10\/a\u00e9cio-em-salvador-2-500x332.jpg\" alt=\"a\u00e9cio em salvador 2\" width=\"500\" height=\"332\" srcset=\"https:\/\/www.sudoestehoje.com.br\/novoportal\/wp-content\/uploads\/2014\/10\/a\u00e9cio-em-salvador-2-500x332.jpg 500w, https:\/\/www.sudoestehoje.com.br\/novoportal\/wp-content\/uploads\/2014\/10\/a\u00e9cio-em-salvador-2-700x465.jpg 700w, https:\/\/www.sudoestehoje.com.br\/novoportal\/wp-content\/uploads\/2014\/10\/a\u00e9cio-em-salvador-2-150x99.jpg 150w, https:\/\/www.sudoestehoje.com.br\/novoportal\/wp-content\/uploads\/2014\/10\/a\u00e9cio-em-salvador-2.jpg 960w\" sizes=\"auto, (max-width: 500px) 100vw, 500px\" \/><\/a><\/p>\n<p>O otimismo e a confian\u00e7a se estampavam tamb\u00e9m nos semblantes do ex-governador Paulo Souto, dos presidentes partid\u00e1rios, Jos\u00e9 Carlos Aleluia (DEM) e Geddel Vieira Lima (PMDB), do prefeito Jos\u00e9 Ronaldo, de Feira de Santana, al\u00e9m dos deputados federais Antonio Imbassahy e Jutahy Jr. &#8220;O PT \u00e9 finado&#8221;, prognosticava o artes\u00e3o Rubem Silva, sob o clamor da multid\u00e3o: &#8220;A\u00e9cio, A\u00e9cio, A\u00e9cio!&#8221;. Ascom<\/p>\n<\/div>\n<p>&nbsp;<\/p>\n","protected":false},"excerpt":{"rendered":"<p>&#8220;Quero ser lembrado como o presidente do Nordeste Brasileiro&#8221;, afirmou o candidato \u00e0 Presid\u00eancia da Rep\u00fablica, A\u00e9cio Neves, para milhares de pessoas que lotaram o Largo do Pelourinho, em Salvador, na tarde desta sexta-feira (17). Depois de sair da Pra\u00e7a Castro Alves e percorrer o Centro Hist\u00f3rico, em carro aberto, ao lado do prefeito ACM [&hellip;]<\/p>\n","protected":false},"author":2,"featured_media":0,"comment_status":"open","ping_status":"open","sticky":false,"template":"","format":"standard","meta":{"footnotes":"","_links_to":"","_links_to_target":""},"categories":[1],"tags":[],"class_list":["post-43601","post","type-post","status-publish","format-standard","hentry","category-geral"],"views":1370,"_links":{"self":[{"href":"https:\/\/www.sudoestehoje.com.br\/novoportal\/wp-json\/wp\/v2\/posts\/43601","targetHints":{"allow":["GET"]}}],"collection":[{"href":"https:\/\/www.sudoestehoje.com.br\/novoportal\/wp-json\/wp\/v2\/posts"}],"about":[{"href":"https:\/\/www.sudoestehoje.com.br\/novoportal\/wp-json\/wp\/v2\/types\/post"}],"author":[{"embeddable":true,"href":"https:\/\/www.sudoestehoje.com.br\/novoportal\/wp-json\/wp\/v2\/users\/2"}],"replies":[{"embeddable":true,"href":"https:\/\/www.sudoestehoje.com.br\/novoportal\/wp-json\/wp\/v2\/comments?post=43601"}],"version-history":[{"count":4,"href":"https:\/\/www.sudoestehoje.com.br\/novoportal\/wp-json\/wp\/v2\/posts\/43601\/revisions"}],"predecessor-version":[{"id":43613,"href":"https:\/\/www.sudoestehoje.com.br\/novoportal\/wp-json\/wp\/v2\/posts\/43601\/revisions\/43613"}],"wp:attachment":[{"href":"https:\/\/www.sudoestehoje.com.br\/novoportal\/wp-json\/wp\/v2\/media?parent=43601"}],"wp:term":[{"taxonomy":"category","embeddable":true,"href":"https:\/\/www.sudoestehoje.com.br\/novoportal\/wp-json\/wp\/v2\/categories?post=43601"},{"taxonomy":"post_tag","embeddable":true,"href":"https:\/\/www.sudoestehoje.com.br\/novoportal\/wp-json\/wp\/v2\/tags?post=43601"}],"curies":[{"name":"wp","href":"https:\/\/api.w.org\/{rel}","templated":true}]}}