
{"id":43595,"date":"2014-10-17T11:20:01","date_gmt":"2014-10-17T14:20:01","guid":{"rendered":"http:\/\/www.sudoestehoje.com.br\/novoportal\/?p=43595"},"modified":"2014-10-17T11:20:01","modified_gmt":"2014-10-17T14:20:01","slug":"aecio-chega-a-salvador-como-vitorioso-no-debate-do-sbt","status":"publish","type":"post","link":"https:\/\/www.sudoestehoje.com.br\/novoportal\/2014\/10\/17\/aecio-chega-a-salvador-como-vitorioso-no-debate-do-sbt\/","title":{"rendered":"A\u00c9CIO CHEGA A SALVADOR COMO VITORIOSO NO DEBATE DO SBT"},"content":{"rendered":"<p><a href=\"http:\/\/www.sudoestehoje.com.br\/novoportal\/wp-content\/uploads\/2014\/10\/A\u00c9CIO-SALVADOR.jpg\"><img loading=\"lazy\" decoding=\"async\" class=\"aligncenter size-medium wp-image-43596\" src=\"http:\/\/www.sudoestehoje.com.br\/novoportal\/wp-content\/uploads\/2014\/10\/A\u00c9CIO-SALVADOR-500x210.jpg\" alt=\"A\u00c9CIO SALVADOR\" width=\"500\" height=\"210\" srcset=\"https:\/\/www.sudoestehoje.com.br\/novoportal\/wp-content\/uploads\/2014\/10\/A\u00c9CIO-SALVADOR-500x210.jpg 500w, https:\/\/www.sudoestehoje.com.br\/novoportal\/wp-content\/uploads\/2014\/10\/A\u00c9CIO-SALVADOR-700x295.jpg 700w, https:\/\/www.sudoestehoje.com.br\/novoportal\/wp-content\/uploads\/2014\/10\/A\u00c9CIO-SALVADOR-150x63.jpg 150w, https:\/\/www.sudoestehoje.com.br\/novoportal\/wp-content\/uploads\/2014\/10\/A\u00c9CIO-SALVADOR.jpg 735w\" sizes=\"auto, (max-width: 500px) 100vw, 500px\" \/><\/a><\/p>\n<p>Os aliados baianos do candidato \u00e0 Presid\u00eancia da Rep\u00fablica, A\u00e9cio Neves, avaliaram positivamente o desempenho do tucano no debate do SBT, realizado na noite de ontem (16). \u201cA\u00e9cio deu mais uma vez provas de ser o melhor para liderar as mudan\u00e7as que o Brasil precisa\u201d, afirmou o prefeito ACM Neto, que estar\u00e1 com A\u00e9cio em seu desembarque em Salvador, nesta sexta-feira (17), \u00e0s 14 horas, quando haver\u00e1 coletiva \u00e0 imprensa e depois a Caminhada 45, na Pra\u00e7a Castro Alves.<\/p>\n<p>Para o presidente estadual do Democratas, deputado federal eleito Jos\u00e9 Carlos Aleluia, o presidenci\u00e1vel tucano deixou claro ser ele o representante da mudan\u00e7a. \u201cA\u00e9cio \u00e9 o porto seguro capaz de ampliar as conquistas e n\u00e3o apenas se contentar com elas\u201d.<\/p>\n<p>O l\u00edder do PSDB na C\u00e2mara Federal, deputado Antonio Imbassahy, considerou que A\u00e9cio se portou com firmeza em suas convic\u00e7\u00f5es. \u201cA\u00e9cio n\u00e3o deixou perguntas sem respostas. Passou confian\u00e7a e muita cren\u00e7a no futuro. N\u00e3o deixou d\u00favidas de ser ele o l\u00edder que os brasileiros merecem\u201d.<\/p>\n<p>J\u00e1 o presidente estadual do PMDB, Geddel Vieira Lima, disse que A\u00e9cio Neves foi bastante seguro em suas propostas e coloca\u00e7\u00f5es. \u201cEnquanto isso, a advers\u00e1ria petista usava a mentira para sustentar a fragilidade de seu discurso, sem conseguir explicar a incapacidade de seu governo em controlar a infla\u00e7\u00e3o e fazer o Brasil crescer\u201d.<\/p>\n","protected":false},"excerpt":{"rendered":"<p>Os aliados baianos do candidato \u00e0 Presid\u00eancia da Rep\u00fablica, A\u00e9cio Neves, avaliaram positivamente o desempenho do tucano no debate do SBT, realizado na noite de ontem (16). \u201cA\u00e9cio deu mais uma vez provas de ser o melhor para liderar as mudan\u00e7as que o Brasil precisa\u201d, afirmou o prefeito ACM Neto, que estar\u00e1 com A\u00e9cio em [&hellip;]<\/p>\n","protected":false},"author":2,"featured_media":0,"comment_status":"open","ping_status":"open","sticky":false,"template":"","format":"standard","meta":{"footnotes":"","_links_to":"","_links_to_target":""},"categories":[1],"tags":[],"class_list":["post-43595","post","type-post","status-publish","format-standard","hentry","category-geral"],"views":1236,"_links":{"self":[{"href":"https:\/\/www.sudoestehoje.com.br\/novoportal\/wp-json\/wp\/v2\/posts\/43595","targetHints":{"allow":["GET"]}}],"collection":[{"href":"https:\/\/www.sudoestehoje.com.br\/novoportal\/wp-json\/wp\/v2\/posts"}],"about":[{"href":"https:\/\/www.sudoestehoje.com.br\/novoportal\/wp-json\/wp\/v2\/types\/post"}],"author":[{"embeddable":true,"href":"https:\/\/www.sudoestehoje.com.br\/novoportal\/wp-json\/wp\/v2\/users\/2"}],"replies":[{"embeddable":true,"href":"https:\/\/www.sudoestehoje.com.br\/novoportal\/wp-json\/wp\/v2\/comments?post=43595"}],"version-history":[{"count":1,"href":"https:\/\/www.sudoestehoje.com.br\/novoportal\/wp-json\/wp\/v2\/posts\/43595\/revisions"}],"predecessor-version":[{"id":43597,"href":"https:\/\/www.sudoestehoje.com.br\/novoportal\/wp-json\/wp\/v2\/posts\/43595\/revisions\/43597"}],"wp:attachment":[{"href":"https:\/\/www.sudoestehoje.com.br\/novoportal\/wp-json\/wp\/v2\/media?parent=43595"}],"wp:term":[{"taxonomy":"category","embeddable":true,"href":"https:\/\/www.sudoestehoje.com.br\/novoportal\/wp-json\/wp\/v2\/categories?post=43595"},{"taxonomy":"post_tag","embeddable":true,"href":"https:\/\/www.sudoestehoje.com.br\/novoportal\/wp-json\/wp\/v2\/tags?post=43595"}],"curies":[{"name":"wp","href":"https:\/\/api.w.org\/{rel}","templated":true}]}}