
{"id":43580,"date":"2014-10-17T08:52:24","date_gmt":"2014-10-17T11:52:24","guid":{"rendered":"http:\/\/www.sudoestehoje.com.br\/novoportal\/?p=43580"},"modified":"2014-10-17T11:12:44","modified_gmt":"2014-10-17T14:12:44","slug":"democratas-e-pmdb-fazem-caminhada-pro-aecio-nesta-sexta","status":"publish","type":"post","link":"https:\/\/www.sudoestehoje.com.br\/novoportal\/2014\/10\/17\/democratas-e-pmdb-fazem-caminhada-pro-aecio-nesta-sexta\/","title":{"rendered":"ITAPETINGA: OPOSI\u00c7\u00d5ES UNIDAS FAZEM CAMINHADA PR\u00d3 A\u00c9CIO NESTA SEXTA"},"content":{"rendered":"<p><a href=\"http:\/\/www.sudoestehoje.com.br\/novoportal\/wp-content\/uploads\/2014\/10\/GEDC3952.jpg\"><img loading=\"lazy\" decoding=\"async\" class=\"aligncenter size-medium wp-image-43582\" src=\"http:\/\/www.sudoestehoje.com.br\/novoportal\/wp-content\/uploads\/2014\/10\/GEDC3952-500x375.jpg\" alt=\"GEDSC DIGITAL CAMERA\" width=\"500\" height=\"375\" srcset=\"https:\/\/www.sudoestehoje.com.br\/novoportal\/wp-content\/uploads\/2014\/10\/GEDC3952-500x375.jpg 500w, https:\/\/www.sudoestehoje.com.br\/novoportal\/wp-content\/uploads\/2014\/10\/GEDC3952-150x112.jpg 150w, https:\/\/www.sudoestehoje.com.br\/novoportal\/wp-content\/uploads\/2014\/10\/GEDC3952.jpg 640w\" sizes=\"auto, (max-width: 500px) 100vw, 500px\" \/><\/a><\/p>\n<p>Sob o comando dos ex-prefeitos Jos\u00e9 Ot\u00e1vio Curvelo (DEM), Michel Hagge (PMDB) e do Movimento Pr\u00f3-Cidadania, os partidos de oposi\u00e7\u00e3o de Itapetinga realizam caminhada no final da tarde desta sexta-feira, em favor da candidatura do tucano A\u00e9cio Neves.<\/p>\n<p>A caminhada sair\u00e1 das Casas Populares, na Nova Itapetinga, por volta das 17h, percorrendo os bairros Clodoaldo Costa e Primavera, com encerramento no Parque Poliesportivo da Lagoa.<\/p>\n<p>Toda a milit\u00e2ncia que apoiou as candidaturas defendidas por Z\u00e9 Ot\u00e1vio, Michel e Pr\u00f3-Cidadania no primeiro turno das elei\u00e7\u00f5es, est\u00e3o sendo convocadas para participarem do evento desta sexta-feira.<\/p>\n<p><strong><em>Por Davi Ferraz<\/em><\/strong><\/p>\n","protected":false},"excerpt":{"rendered":"<p>Sob o comando dos ex-prefeitos Jos\u00e9 Ot\u00e1vio Curvelo (DEM), Michel Hagge (PMDB) e do Movimento Pr\u00f3-Cidadania, os partidos de oposi\u00e7\u00e3o de Itapetinga realizam caminhada no final da tarde desta sexta-feira, em favor da candidatura do tucano A\u00e9cio Neves. A caminhada sair\u00e1 das Casas Populares, na Nova Itapetinga, por volta das 17h, percorrendo os bairros Clodoaldo [&hellip;]<\/p>\n","protected":false},"author":2,"featured_media":0,"comment_status":"open","ping_status":"open","sticky":false,"template":"","format":"standard","meta":{"footnotes":"","_links_to":"","_links_to_target":""},"categories":[1],"tags":[],"class_list":["post-43580","post","type-post","status-publish","format-standard","hentry","category-geral"],"views":1116,"_links":{"self":[{"href":"https:\/\/www.sudoestehoje.com.br\/novoportal\/wp-json\/wp\/v2\/posts\/43580","targetHints":{"allow":["GET"]}}],"collection":[{"href":"https:\/\/www.sudoestehoje.com.br\/novoportal\/wp-json\/wp\/v2\/posts"}],"about":[{"href":"https:\/\/www.sudoestehoje.com.br\/novoportal\/wp-json\/wp\/v2\/types\/post"}],"author":[{"embeddable":true,"href":"https:\/\/www.sudoestehoje.com.br\/novoportal\/wp-json\/wp\/v2\/users\/2"}],"replies":[{"embeddable":true,"href":"https:\/\/www.sudoestehoje.com.br\/novoportal\/wp-json\/wp\/v2\/comments?post=43580"}],"version-history":[{"count":5,"href":"https:\/\/www.sudoestehoje.com.br\/novoportal\/wp-json\/wp\/v2\/posts\/43580\/revisions"}],"predecessor-version":[{"id":43594,"href":"https:\/\/www.sudoestehoje.com.br\/novoportal\/wp-json\/wp\/v2\/posts\/43580\/revisions\/43594"}],"wp:attachment":[{"href":"https:\/\/www.sudoestehoje.com.br\/novoportal\/wp-json\/wp\/v2\/media?parent=43580"}],"wp:term":[{"taxonomy":"category","embeddable":true,"href":"https:\/\/www.sudoestehoje.com.br\/novoportal\/wp-json\/wp\/v2\/categories?post=43580"},{"taxonomy":"post_tag","embeddable":true,"href":"https:\/\/www.sudoestehoje.com.br\/novoportal\/wp-json\/wp\/v2\/tags?post=43580"}],"curies":[{"name":"wp","href":"https:\/\/api.w.org\/{rel}","templated":true}]}}