
{"id":43575,"date":"2014-10-16T21:56:30","date_gmt":"2014-10-17T00:56:30","guid":{"rendered":"http:\/\/www.sudoestehoje.com.br\/novoportal\/?p=43575"},"modified":"2014-10-16T21:56:30","modified_gmt":"2014-10-17T00:56:30","slug":"dilma-passa-mal-apos-debate-no-sbt","status":"publish","type":"post","link":"https:\/\/www.sudoestehoje.com.br\/novoportal\/2014\/10\/16\/dilma-passa-mal-apos-debate-no-sbt\/","title":{"rendered":"DILMA PASSA MAL AP\u00d3S DEBATE NO SBT"},"content":{"rendered":"<p><a href=\"http:\/\/www.sudoestehoje.com.br\/novoportal\/wp-content\/uploads\/2014\/10\/CARUARA-DE-DILMA.jpg\"><img loading=\"lazy\" decoding=\"async\" class=\"aligncenter size-medium wp-image-43577\" src=\"http:\/\/www.sudoestehoje.com.br\/novoportal\/wp-content\/uploads\/2014\/10\/CARUARA-DE-DILMA-500x217.jpg\" alt=\"CARUARA DE DILMA\" width=\"500\" height=\"217\" srcset=\"https:\/\/www.sudoestehoje.com.br\/novoportal\/wp-content\/uploads\/2014\/10\/CARUARA-DE-DILMA-500x217.jpg 500w, https:\/\/www.sudoestehoje.com.br\/novoportal\/wp-content\/uploads\/2014\/10\/CARUARA-DE-DILMA-700x305.jpg 700w, https:\/\/www.sudoestehoje.com.br\/novoportal\/wp-content\/uploads\/2014\/10\/CARUARA-DE-DILMA-150x65.jpg 150w, https:\/\/www.sudoestehoje.com.br\/novoportal\/wp-content\/uploads\/2014\/10\/CARUARA-DE-DILMA.jpg 780w\" sizes=\"auto, (max-width: 500px) 100vw, 500px\" \/><\/a><\/p>\n<p>A presidente\u00a0Dilma Rousseff (PT) interrompeu uma entrevista ao vivo, no SBT, alegando um mal-estar, minutos ap\u00f3s o fim do debate com A\u00e9cio Neves (PSDB), nesta quinta-feira (16). Devido ao mal-estar, ela precisou sentar e recebeu \u00e1gua.<\/p>\n<p>A presidente havia come\u00e7ado a responder \u00e0 rep\u00f3rter quando se confundiu, tentou retomar a fala, mas alegou \u201cuma queda de press\u00e3o\u201d. Pouco tempo depois, ela disse estar melhor.<\/p>\n<p>&#8220;Eu tive uma queda de press\u00e3o. Acredito que o debate sempre exige muito da gente. Agora eu consigo concluir a minha entrevista com voc\u00ea. Pe\u00e7o desculpa ao telespectador, mas \u00e9 assim que n\u00f3s somos&#8221;, disse a presidente.<\/p>\n<p>Apesar de pedir para concluir, Dilma foi interrompida pela rep\u00f3rter, que disse n\u00e3o haver mais tempo. Bem humorada, ela concluiu: \u201cSe \u00e9 assim que voc\u00ea quer, \u00e9 assim que ser\u00e1 feito\u201d, e se despediu.<\/p>\n<p>O debate promovido pelo SBT, Jovem Pan e UOL foi o terceiro antes do segundo turno, que ser\u00e1 no dia 26. Anteontem, eles se enfrentaram na TV Bandeirantes. Do R7<\/p>\n","protected":false},"excerpt":{"rendered":"<p>A presidente\u00a0Dilma Rousseff (PT) interrompeu uma entrevista ao vivo, no SBT, alegando um mal-estar, minutos ap\u00f3s o fim do debate com A\u00e9cio Neves (PSDB), nesta quinta-feira (16). Devido ao mal-estar, ela precisou sentar e recebeu \u00e1gua. A presidente havia come\u00e7ado a responder \u00e0 rep\u00f3rter quando se confundiu, tentou retomar a fala, mas alegou \u201cuma queda [&hellip;]<\/p>\n","protected":false},"author":2,"featured_media":0,"comment_status":"open","ping_status":"open","sticky":false,"template":"","format":"standard","meta":{"footnotes":"","_links_to":"","_links_to_target":""},"categories":[1],"tags":[],"class_list":["post-43575","post","type-post","status-publish","format-standard","hentry","category-geral"],"views":1755,"_links":{"self":[{"href":"https:\/\/www.sudoestehoje.com.br\/novoportal\/wp-json\/wp\/v2\/posts\/43575","targetHints":{"allow":["GET"]}}],"collection":[{"href":"https:\/\/www.sudoestehoje.com.br\/novoportal\/wp-json\/wp\/v2\/posts"}],"about":[{"href":"https:\/\/www.sudoestehoje.com.br\/novoportal\/wp-json\/wp\/v2\/types\/post"}],"author":[{"embeddable":true,"href":"https:\/\/www.sudoestehoje.com.br\/novoportal\/wp-json\/wp\/v2\/users\/2"}],"replies":[{"embeddable":true,"href":"https:\/\/www.sudoestehoje.com.br\/novoportal\/wp-json\/wp\/v2\/comments?post=43575"}],"version-history":[{"count":2,"href":"https:\/\/www.sudoestehoje.com.br\/novoportal\/wp-json\/wp\/v2\/posts\/43575\/revisions"}],"predecessor-version":[{"id":43578,"href":"https:\/\/www.sudoestehoje.com.br\/novoportal\/wp-json\/wp\/v2\/posts\/43575\/revisions\/43578"}],"wp:attachment":[{"href":"https:\/\/www.sudoestehoje.com.br\/novoportal\/wp-json\/wp\/v2\/media?parent=43575"}],"wp:term":[{"taxonomy":"category","embeddable":true,"href":"https:\/\/www.sudoestehoje.com.br\/novoportal\/wp-json\/wp\/v2\/categories?post=43575"},{"taxonomy":"post_tag","embeddable":true,"href":"https:\/\/www.sudoestehoje.com.br\/novoportal\/wp-json\/wp\/v2\/tags?post=43575"}],"curies":[{"name":"wp","href":"https:\/\/api.w.org\/{rel}","templated":true}]}}