
{"id":4355,"date":"2011-04-13T19:19:24","date_gmt":"2011-04-13T22:19:24","guid":{"rendered":"http:\/\/www.sudoestehoje.com.br\/novoportal\/?p=4355"},"modified":"2011-04-13T19:35:29","modified_gmt":"2011-04-13T22:35:29","slug":"caboclo-tranca-rua","status":"publish","type":"post","link":"https:\/\/www.sudoestehoje.com.br\/novoportal\/2011\/04\/13\/caboclo-tranca-rua\/","title":{"rendered":"CABOCLO &#8220;TRANCA RUA&#8221;"},"content":{"rendered":"<p style=\"text-align: center;\"><a id=\"apf3\" href=\"http:\/\/www.google.com.br\/imgres?imgurl=http:\/\/licamargo.files.wordpress.com\/2011\/02\/exuorixa.jpg&amp;imgrefurl=http:\/\/licamargo.wordpress.com\/category\/reza-brava\/&amp;usg=__o4iL6-X9tWNerbd3fR40uvRurak=&amp;h=1600&amp;w=1200&amp;sz=1167&amp;hl=pt-BR&amp;start=264&amp;zoom=1&amp;um=1&amp;itbs=1&amp;tbnid=bwhRrAz4tNSHiM:&amp;tbnh=150&amp;tbnw=113&amp;prev=\/images%3Fq%3Dtranca%2Brua%26start%3D260%26um%3D1%26hl%3Dpt-BR%26sa%3DN%26rlz%3D1R2SKPB_pt-BRBR354%26ndsp%3D20%26tbm%3Disch&amp;ei=tSCmTfFtob3RAYj7rNEI\"><img loading=\"lazy\" decoding=\"async\" id=\"ipfbwhRrAz4tNSHiM:\" class=\"aligncenter\" src=\"http:\/\/t1.gstatic.com\/images?q=tbn:ANd9GcTs-Pio9vrBoZmBMHOpjd0fIjpRwINnTLOCEQJo8qFhJAC6y8Ejj5h7e_0\" alt=\"\" width=\"113\" height=\"150\" \/><\/a><\/p>\n<p>No domingo passado, durante todo o dia, aconteceu um aburdo na rua Bar\u00e3o do Rio Branco (entre a Concha Ac\u00fastica e\u00a0a rua Potiragu\u00e1).\u00a0Com a\u00a0autoriza\u00e7\u00e3o\u00a0da Comutran\u00a0 a rua foi fechada para uma\u00a0festa particular, usando toldos, mesas e cadeiras, que foram colocados bem no meio na via p\u00fablica, causando\u00a0aborrecimentos aos moradores da rua e transtornos\u00a0aos motoristas e mototaxistas que usam a via para se dirigirem\u00a0\u00e0 Nova Itapetinga, Ot\u00e1vio Cam\u00f5es e Clodoaldo Costa.\u00a0Para variar, o pr\u00f3prio prefeito e o chefe da Comutran l\u00e1 estavam, tomando todas\u00a0e curtindo o samb\u00e3o dos anfitri\u00f5es.\u00a0Um p\u00e9ssimo exemplo para um chefe do executivo. T\u00e1 pegando mal, Z\u00e9&#8230;<\/p>\n","protected":false},"excerpt":{"rendered":"<p>No domingo passado, durante todo o dia, aconteceu um aburdo na rua Bar\u00e3o do Rio Branco (entre a Concha Ac\u00fastica e\u00a0a rua Potiragu\u00e1).\u00a0Com a\u00a0autoriza\u00e7\u00e3o\u00a0da Comutran\u00a0 a rua foi fechada para uma\u00a0festa particular, usando toldos, mesas e cadeiras, que foram colocados bem no meio na via p\u00fablica, causando\u00a0aborrecimentos aos moradores da rua e transtornos\u00a0aos motoristas e [&hellip;]<\/p>\n","protected":false},"author":2,"featured_media":0,"comment_status":"open","ping_status":"open","sticky":false,"template":"","format":"standard","meta":{"footnotes":"","_links_to":"","_links_to_target":""},"categories":[11],"tags":[],"class_list":["post-4355","post","type-post","status-publish","format-standard","hentry","category-quentinhas"],"views":1401,"_links":{"self":[{"href":"https:\/\/www.sudoestehoje.com.br\/novoportal\/wp-json\/wp\/v2\/posts\/4355","targetHints":{"allow":["GET"]}}],"collection":[{"href":"https:\/\/www.sudoestehoje.com.br\/novoportal\/wp-json\/wp\/v2\/posts"}],"about":[{"href":"https:\/\/www.sudoestehoje.com.br\/novoportal\/wp-json\/wp\/v2\/types\/post"}],"author":[{"embeddable":true,"href":"https:\/\/www.sudoestehoje.com.br\/novoportal\/wp-json\/wp\/v2\/users\/2"}],"replies":[{"embeddable":true,"href":"https:\/\/www.sudoestehoje.com.br\/novoportal\/wp-json\/wp\/v2\/comments?post=4355"}],"version-history":[{"count":3,"href":"https:\/\/www.sudoestehoje.com.br\/novoportal\/wp-json\/wp\/v2\/posts\/4355\/revisions"}],"predecessor-version":[{"id":4357,"href":"https:\/\/www.sudoestehoje.com.br\/novoportal\/wp-json\/wp\/v2\/posts\/4355\/revisions\/4357"}],"wp:attachment":[{"href":"https:\/\/www.sudoestehoje.com.br\/novoportal\/wp-json\/wp\/v2\/media?parent=4355"}],"wp:term":[{"taxonomy":"category","embeddable":true,"href":"https:\/\/www.sudoestehoje.com.br\/novoportal\/wp-json\/wp\/v2\/categories?post=4355"},{"taxonomy":"post_tag","embeddable":true,"href":"https:\/\/www.sudoestehoje.com.br\/novoportal\/wp-json\/wp\/v2\/tags?post=4355"}],"curies":[{"name":"wp","href":"https:\/\/api.w.org\/{rel}","templated":true}]}}