
{"id":43512,"date":"2014-10-14T21:16:15","date_gmt":"2014-10-15T00:16:15","guid":{"rendered":"http:\/\/www.sudoestehoje.com.br\/novoportal\/?p=43512"},"modified":"2014-10-14T21:16:15","modified_gmt":"2014-10-15T00:16:15","slug":"sumiu-petistas-cobram-aparicao-de-lula-na-campanha-de-dilma","status":"publish","type":"post","link":"https:\/\/www.sudoestehoje.com.br\/novoportal\/2014\/10\/14\/sumiu-petistas-cobram-aparicao-de-lula-na-campanha-de-dilma\/","title":{"rendered":"SUMIU! PETISTAS COBRAM APARI\u00c7\u00c3O DE LULA NA CAMPANHA DE DILMA"},"content":{"rendered":"<p><a href=\"http:\/\/www.sudoestehoje.com.br\/novoportal\/wp-content\/uploads\/2014\/10\/Dilma-Lula.jpg\"><img loading=\"lazy\" decoding=\"async\" class=\"aligncenter size-medium wp-image-43513\" src=\"http:\/\/www.sudoestehoje.com.br\/novoportal\/wp-content\/uploads\/2014\/10\/Dilma-Lula-500x290.jpg\" alt=\"Dilma-Lula\" width=\"500\" height=\"290\" srcset=\"https:\/\/www.sudoestehoje.com.br\/novoportal\/wp-content\/uploads\/2014\/10\/Dilma-Lula-500x290.jpg 500w, https:\/\/www.sudoestehoje.com.br\/novoportal\/wp-content\/uploads\/2014\/10\/Dilma-Lula-150x87.jpg 150w, https:\/\/www.sudoestehoje.com.br\/novoportal\/wp-content\/uploads\/2014\/10\/Dilma-Lula.jpg 550w\" sizes=\"auto, (max-width: 500px) 100vw, 500px\" \/><\/a><\/p>\n<p>O sumi\u00e7o do ex-presidente Luiz In\u00e1cio Lula da Silva da campanha da candidata a reelei\u00e7\u00e3o Dilma Rousseff (PT) est\u00e1 gerando\u00a0 um desconforto aos aliados da petista, que cobram uma a\u00e7\u00e3o mais en\u00e9rgica do ex-presidente. A \u00faltima apari\u00e7\u00e3o p\u00fablica de Lula e Dilma juntos foi no \u00faltimo dia 3 de outubro e, de l\u00e1 para c\u00e1, os \u201cdilmistas\u201d reclamam da falta de participa\u00e7\u00e3o de Lula na campanha.<\/p>\n<p>Os \u201clulistas\u201d, por sua vez, rebatem que o ex-presidente n\u00e3o s\u00f3 trabalhou no primeiro turno como ainda espera um chamado de Dilma para definir sua posi\u00e7\u00e3o no segundo turno. Nesta segunda-feira (13), aconteceu a primeira apari\u00e7\u00e3o de Lula no programa eleitoral de Dilma na televis\u00e3o para o segundo turno, com uma mensagem gravada ainda no primeiro turno. Ele j\u00e1 se colocou \u00e0 disposi\u00e7\u00e3o para a grava\u00e7\u00e3o de uma nova mensagem, prevista para acontecer nesta quarta-feira (15).<\/p>\n<p>De acordo com a Folha de S. Paulo, \u201cDilmistas\u201d afirmam que o ex-presidente n\u00e3o p\u00f4s os p\u00e9s no Nordeste onde \u00e9 muito popular. Na semana passada, a candidata fez uma visita \u00e0 regi\u00e3o para ampliar a vantagem de votos que recebeu no primeiro turno. Eles reclamam ainda que Lula n\u00e3o se movimentou para conseguir o apoio da fam\u00edlia de Eduardo Campos, nem de Marina Silva.<\/p>\n<p>Nesta segunda-feira (13), Dilma afirmou que apoiaria uma candidatura de Lula em 2018. \u201cSe depender de mim, com certeza eu ajudo\u201d, disse.<\/p>\n","protected":false},"excerpt":{"rendered":"<p>O sumi\u00e7o do ex-presidente Luiz In\u00e1cio Lula da Silva da campanha da candidata a reelei\u00e7\u00e3o Dilma Rousseff (PT) est\u00e1 gerando\u00a0 um desconforto aos aliados da petista, que cobram uma a\u00e7\u00e3o mais en\u00e9rgica do ex-presidente. A \u00faltima apari\u00e7\u00e3o p\u00fablica de Lula e Dilma juntos foi no \u00faltimo dia 3 de outubro e, de l\u00e1 para c\u00e1, [&hellip;]<\/p>\n","protected":false},"author":2,"featured_media":0,"comment_status":"open","ping_status":"open","sticky":false,"template":"","format":"standard","meta":{"footnotes":"","_links_to":"","_links_to_target":""},"categories":[1],"tags":[],"class_list":["post-43512","post","type-post","status-publish","format-standard","hentry","category-geral"],"views":2524,"_links":{"self":[{"href":"https:\/\/www.sudoestehoje.com.br\/novoportal\/wp-json\/wp\/v2\/posts\/43512","targetHints":{"allow":["GET"]}}],"collection":[{"href":"https:\/\/www.sudoestehoje.com.br\/novoportal\/wp-json\/wp\/v2\/posts"}],"about":[{"href":"https:\/\/www.sudoestehoje.com.br\/novoportal\/wp-json\/wp\/v2\/types\/post"}],"author":[{"embeddable":true,"href":"https:\/\/www.sudoestehoje.com.br\/novoportal\/wp-json\/wp\/v2\/users\/2"}],"replies":[{"embeddable":true,"href":"https:\/\/www.sudoestehoje.com.br\/novoportal\/wp-json\/wp\/v2\/comments?post=43512"}],"version-history":[{"count":1,"href":"https:\/\/www.sudoestehoje.com.br\/novoportal\/wp-json\/wp\/v2\/posts\/43512\/revisions"}],"predecessor-version":[{"id":43514,"href":"https:\/\/www.sudoestehoje.com.br\/novoportal\/wp-json\/wp\/v2\/posts\/43512\/revisions\/43514"}],"wp:attachment":[{"href":"https:\/\/www.sudoestehoje.com.br\/novoportal\/wp-json\/wp\/v2\/media?parent=43512"}],"wp:term":[{"taxonomy":"category","embeddable":true,"href":"https:\/\/www.sudoestehoje.com.br\/novoportal\/wp-json\/wp\/v2\/categories?post=43512"},{"taxonomy":"post_tag","embeddable":true,"href":"https:\/\/www.sudoestehoje.com.br\/novoportal\/wp-json\/wp\/v2\/tags?post=43512"}],"curies":[{"name":"wp","href":"https:\/\/api.w.org\/{rel}","templated":true}]}}