
{"id":43507,"date":"2014-10-14T20:47:54","date_gmt":"2014-10-14T23:47:54","guid":{"rendered":"http:\/\/www.sudoestehoje.com.br\/novoportal\/?p=43507"},"modified":"2014-10-14T20:48:22","modified_gmt":"2014-10-14T23:48:22","slug":"estiagem-em-itapetinga-e-regiao-preocupa-classe-produtora","status":"publish","type":"post","link":"https:\/\/www.sudoestehoje.com.br\/novoportal\/2014\/10\/14\/estiagem-em-itapetinga-e-regiao-preocupa-classe-produtora\/","title":{"rendered":"ESTI\u00c1GEM EM ITAPETINGA E REGI\u00c3O J\u00c1 PREOCUPA CLASSE PRODUTORA"},"content":{"rendered":"<p><a href=\"http:\/\/www.sudoestehoje.com.br\/novoportal\/wp-content\/uploads\/2014\/10\/EDINHO.jpg\"><img loading=\"lazy\" decoding=\"async\" class=\"aligncenter size-full wp-image-43509\" src=\"http:\/\/www.sudoestehoje.com.br\/novoportal\/wp-content\/uploads\/2014\/10\/EDINHO.jpg\" alt=\"EDINHO\" width=\"494\" height=\"296\" srcset=\"https:\/\/www.sudoestehoje.com.br\/novoportal\/wp-content\/uploads\/2014\/10\/EDINHO.jpg 494w, https:\/\/www.sudoestehoje.com.br\/novoportal\/wp-content\/uploads\/2014\/10\/EDINHO-150x89.jpg 150w\" sizes=\"auto, (max-width: 494px) 100vw, 494px\" \/><\/a><\/p>\n<p>Com o atraso das esperadas &#8216;chuvas das \u00e1guas&#8217;, que geralmente costumam cair na regi\u00e3o a partir do m\u00eas de outubro, a classe produtora de Itapetinga est\u00e1 extremamente preocupada e j\u00e1 se prepara para dias dif\u00edceis, caso as chuvas n\u00e3o cheguem at\u00e9 o final deste m\u00eas.<\/p>\n<p>Em conversa informal com o Sudoeste Hoje, na tarde desta ter\u00e7a-feira, o veterin\u00e1rio e pecuarista Dr. Edinho demonstrou muita preocupa\u00e7\u00e3o com a seca que se abate na regi\u00e3o, relatando que j\u00e1 est\u00e1 ocorrendo morte de gado em muitos munic\u00edpios, como Macarani, Maiquinique, Itapetinga, Caatiba e Potiragu\u00e1, onde os efeitos da seca s\u00e3o mais dr\u00e1sticos.<\/p>\n<p>Segundo o Dr. Edinho, \u00e9 urgente que os prefeitos da regi\u00e3o decretem &#8216;estado de emerg\u00eancia&#8217;, para que esses munic\u00edpios recebam os benef\u00edcios do governo federal. Para isto, segundo ele, \u00e9 necess\u00e1rio tamb\u00e9m que haja uma mobiliza\u00e7\u00e3o das entidades que representam a classe produtora, como cooperativas e sindicatos.<\/p>\n<p><strong><em>Por Davi Ferraz<\/em><\/strong><\/p>\n","protected":false},"excerpt":{"rendered":"<p>Com o atraso das esperadas &#8216;chuvas das \u00e1guas&#8217;, que geralmente costumam cair na regi\u00e3o a partir do m\u00eas de outubro, a classe produtora de Itapetinga est\u00e1 extremamente preocupada e j\u00e1 se prepara para dias dif\u00edceis, caso as chuvas n\u00e3o cheguem at\u00e9 o final deste m\u00eas. Em conversa informal com o Sudoeste Hoje, na tarde desta [&hellip;]<\/p>\n","protected":false},"author":2,"featured_media":0,"comment_status":"open","ping_status":"open","sticky":false,"template":"","format":"standard","meta":{"footnotes":"","_links_to":"","_links_to_target":""},"categories":[1],"tags":[],"class_list":["post-43507","post","type-post","status-publish","format-standard","hentry","category-geral"],"views":1510,"_links":{"self":[{"href":"https:\/\/www.sudoestehoje.com.br\/novoportal\/wp-json\/wp\/v2\/posts\/43507","targetHints":{"allow":["GET"]}}],"collection":[{"href":"https:\/\/www.sudoestehoje.com.br\/novoportal\/wp-json\/wp\/v2\/posts"}],"about":[{"href":"https:\/\/www.sudoestehoje.com.br\/novoportal\/wp-json\/wp\/v2\/types\/post"}],"author":[{"embeddable":true,"href":"https:\/\/www.sudoestehoje.com.br\/novoportal\/wp-json\/wp\/v2\/users\/2"}],"replies":[{"embeddable":true,"href":"https:\/\/www.sudoestehoje.com.br\/novoportal\/wp-json\/wp\/v2\/comments?post=43507"}],"version-history":[{"count":2,"href":"https:\/\/www.sudoestehoje.com.br\/novoportal\/wp-json\/wp\/v2\/posts\/43507\/revisions"}],"predecessor-version":[{"id":43511,"href":"https:\/\/www.sudoestehoje.com.br\/novoportal\/wp-json\/wp\/v2\/posts\/43507\/revisions\/43511"}],"wp:attachment":[{"href":"https:\/\/www.sudoestehoje.com.br\/novoportal\/wp-json\/wp\/v2\/media?parent=43507"}],"wp:term":[{"taxonomy":"category","embeddable":true,"href":"https:\/\/www.sudoestehoje.com.br\/novoportal\/wp-json\/wp\/v2\/categories?post=43507"},{"taxonomy":"post_tag","embeddable":true,"href":"https:\/\/www.sudoestehoje.com.br\/novoportal\/wp-json\/wp\/v2\/tags?post=43507"}],"curies":[{"name":"wp","href":"https:\/\/api.w.org\/{rel}","templated":true}]}}