
{"id":43504,"date":"2014-10-14T19:15:40","date_gmt":"2014-10-14T22:15:40","guid":{"rendered":"http:\/\/www.sudoestehoje.com.br\/novoportal\/?p=43504"},"modified":"2014-10-14T19:15:40","modified_gmt":"2014-10-14T22:15:40","slug":"aecio-e-acm-neto-convocam-baianos-para-caminhada-em-salvador","status":"publish","type":"post","link":"https:\/\/www.sudoestehoje.com.br\/novoportal\/2014\/10\/14\/aecio-e-acm-neto-convocam-baianos-para-caminhada-em-salvador\/","title":{"rendered":"A\u00c9CIO E ACM NETO CONVOCAM BAIANOS PARA CAMINHADA EM SALVADOR"},"content":{"rendered":"<p><img loading=\"lazy\" decoding=\"async\" class=\"aligncenter\" src=\"http:\/\/www.aloalobahia.com\/images\/p\/AecioeAcmNeto.jpg\" alt=\"\" width=\"513\" height=\"347\" \/><\/p>\n<p>Vai ser nessa sexta-feira, a partir das 14h, a caminhada que A\u00e9cio Neves e ACM Neto estar\u00e3o promovendo em Salvador, como forma de apoio a candidatura do presidenci\u00e1vel tucano. A concentra\u00e7\u00e3o ser\u00e1 na Pra\u00e7a Castro Alves, seguindo em dire\u00e7\u00e3o ao Pelourinho. A mulherada que adora um movimento pol\u00edtico, est\u00e1 empenhada, e nas redes sociais, os convites rolam soltos.<\/p>\n","protected":false},"excerpt":{"rendered":"<p>Vai ser nessa sexta-feira, a partir das 14h, a caminhada que A\u00e9cio Neves e ACM Neto estar\u00e3o promovendo em Salvador, como forma de apoio a candidatura do presidenci\u00e1vel tucano. A concentra\u00e7\u00e3o ser\u00e1 na Pra\u00e7a Castro Alves, seguindo em dire\u00e7\u00e3o ao Pelourinho. A mulherada que adora um movimento pol\u00edtico, est\u00e1 empenhada, e nas redes sociais, os [&hellip;]<\/p>\n","protected":false},"author":2,"featured_media":0,"comment_status":"open","ping_status":"open","sticky":false,"template":"","format":"standard","meta":{"footnotes":"","_links_to":"","_links_to_target":""},"categories":[1],"tags":[],"class_list":["post-43504","post","type-post","status-publish","format-standard","hentry","category-geral"],"views":1984,"_links":{"self":[{"href":"https:\/\/www.sudoestehoje.com.br\/novoportal\/wp-json\/wp\/v2\/posts\/43504","targetHints":{"allow":["GET"]}}],"collection":[{"href":"https:\/\/www.sudoestehoje.com.br\/novoportal\/wp-json\/wp\/v2\/posts"}],"about":[{"href":"https:\/\/www.sudoestehoje.com.br\/novoportal\/wp-json\/wp\/v2\/types\/post"}],"author":[{"embeddable":true,"href":"https:\/\/www.sudoestehoje.com.br\/novoportal\/wp-json\/wp\/v2\/users\/2"}],"replies":[{"embeddable":true,"href":"https:\/\/www.sudoestehoje.com.br\/novoportal\/wp-json\/wp\/v2\/comments?post=43504"}],"version-history":[{"count":1,"href":"https:\/\/www.sudoestehoje.com.br\/novoportal\/wp-json\/wp\/v2\/posts\/43504\/revisions"}],"predecessor-version":[{"id":43506,"href":"https:\/\/www.sudoestehoje.com.br\/novoportal\/wp-json\/wp\/v2\/posts\/43504\/revisions\/43506"}],"wp:attachment":[{"href":"https:\/\/www.sudoestehoje.com.br\/novoportal\/wp-json\/wp\/v2\/media?parent=43504"}],"wp:term":[{"taxonomy":"category","embeddable":true,"href":"https:\/\/www.sudoestehoje.com.br\/novoportal\/wp-json\/wp\/v2\/categories?post=43504"},{"taxonomy":"post_tag","embeddable":true,"href":"https:\/\/www.sudoestehoje.com.br\/novoportal\/wp-json\/wp\/v2\/tags?post=43504"}],"curies":[{"name":"wp","href":"https:\/\/api.w.org\/{rel}","templated":true}]}}