
{"id":43476,"date":"2014-10-13T19:50:21","date_gmt":"2014-10-13T22:50:21","guid":{"rendered":"http:\/\/www.sudoestehoje.com.br\/novoportal\/?p=43476"},"modified":"2014-10-13T19:50:52","modified_gmt":"2014-10-13T22:50:52","slug":"itarantim-distrito-de-ribeirao-comemora-chagada-de-agua-tratada","status":"publish","type":"post","link":"https:\/\/www.sudoestehoje.com.br\/novoportal\/2014\/10\/13\/itarantim-distrito-de-ribeirao-comemora-chagada-de-agua-tratada\/","title":{"rendered":"ITARANTIM: DISTRITO DE RIBEIR\u00c3O COMEMORA CHAGADA DE \u00c1GUA TRATADA"},"content":{"rendered":"<p><img loading=\"lazy\" decoding=\"async\" class=\"aligncenter\" src=\"http:\/\/2.bp.blogspot.com\/-hXbjvqGui5w\/VDkT-rKk8bI\/AAAAAAAAPSM\/x96OLGbpitI\/s1600\/20141007_101534.jpg\" alt=\"\" width=\"543\" height=\"407\" \/><\/p>\n<p>O moradores do distrito de Ribeir\u00e3o do Salto, em Itarantim, est\u00e3o comemorando mais uma grande conquista, que \u00e9 a chegada da \u00e1gua tratada em suas resid\u00eancias. Na semana passada, o prefeito Paulo Fernandes recebeu em seu gabinete a assistente social da Cerb &#8211; Companhia de Engenharia Ambiental e Recursos H\u00eddricos da Bahia, Ana do Valle Medeiros, que j\u00e1 est\u00e1 fazendo o trabalho de orienta\u00e7\u00e3o sobre o uso da \u00e1gua pot\u00e1vel e tamb\u00e9m auxilio na execu\u00e7\u00e3o do projeto da \u00e1gua de Ribeir\u00e3o do Salto.<\/p>\n<p>Os equipamentos necess\u00e1rios para instala\u00e7\u00e3o da rede de \u00e1gua e liga\u00e7\u00f5es domiciliares no distrito de Ribeir\u00e3o, como tubula\u00e7\u00e3o, canos, tanques e conex\u00f5es, \u00a0j\u00e1 se encontram \u00e0 disposi\u00e7\u00e3o dos t\u00e9cnicos da empresa 2MS, contratada para a realiza\u00e7\u00e3o dos servi\u00e7os.<\/p>\n<p>Em conversa com a nossa reda\u00e7\u00e3o, o prefeito Paulo Fernandes manifestou a sua satisfa\u00e7\u00e3o em levar \u00e0 popula\u00e7\u00e3o do distrito, os benef\u00edcios prometidos durante a sua campanha, como \u00e1gua tratada, posto de sa\u00fade, posto odontol\u00f3gico, dentre outros.<\/p>\n<p>Os moradores do distrito reconhecem o trabalho do prefeito Paulo Fernandes e agradecem todo o seu empenho.<\/p>\n","protected":false},"excerpt":{"rendered":"<p>O moradores do distrito de Ribeir\u00e3o do Salto, em Itarantim, est\u00e3o comemorando mais uma grande conquista, que \u00e9 a chegada da \u00e1gua tratada em suas resid\u00eancias. Na semana passada, o prefeito Paulo Fernandes recebeu em seu gabinete a assistente social da Cerb &#8211; Companhia de Engenharia Ambiental e Recursos H\u00eddricos da Bahia, Ana do Valle [&hellip;]<\/p>\n","protected":false},"author":2,"featured_media":0,"comment_status":"open","ping_status":"open","sticky":false,"template":"","format":"standard","meta":{"footnotes":"","_links_to":"","_links_to_target":""},"categories":[1],"tags":[],"class_list":["post-43476","post","type-post","status-publish","format-standard","hentry","category-geral"],"views":1143,"_links":{"self":[{"href":"https:\/\/www.sudoestehoje.com.br\/novoportal\/wp-json\/wp\/v2\/posts\/43476","targetHints":{"allow":["GET"]}}],"collection":[{"href":"https:\/\/www.sudoestehoje.com.br\/novoportal\/wp-json\/wp\/v2\/posts"}],"about":[{"href":"https:\/\/www.sudoestehoje.com.br\/novoportal\/wp-json\/wp\/v2\/types\/post"}],"author":[{"embeddable":true,"href":"https:\/\/www.sudoestehoje.com.br\/novoportal\/wp-json\/wp\/v2\/users\/2"}],"replies":[{"embeddable":true,"href":"https:\/\/www.sudoestehoje.com.br\/novoportal\/wp-json\/wp\/v2\/comments?post=43476"}],"version-history":[{"count":2,"href":"https:\/\/www.sudoestehoje.com.br\/novoportal\/wp-json\/wp\/v2\/posts\/43476\/revisions"}],"predecessor-version":[{"id":43480,"href":"https:\/\/www.sudoestehoje.com.br\/novoportal\/wp-json\/wp\/v2\/posts\/43476\/revisions\/43480"}],"wp:attachment":[{"href":"https:\/\/www.sudoestehoje.com.br\/novoportal\/wp-json\/wp\/v2\/media?parent=43476"}],"wp:term":[{"taxonomy":"category","embeddable":true,"href":"https:\/\/www.sudoestehoje.com.br\/novoportal\/wp-json\/wp\/v2\/categories?post=43476"},{"taxonomy":"post_tag","embeddable":true,"href":"https:\/\/www.sudoestehoje.com.br\/novoportal\/wp-json\/wp\/v2\/tags?post=43476"}],"curies":[{"name":"wp","href":"https:\/\/api.w.org\/{rel}","templated":true}]}}